{"id":8490,"date":"2017-05-18T10:22:23","date_gmt":"2017-05-18T13:22:23","guid":{"rendered":"http:\/\/vocesdebaires.com.ar\/wordpress\/index.php\/2017\/05\/18\/junin-construyen-terraplen-para-contener-el-agua\/"},"modified":"2017-05-18T10:22:23","modified_gmt":"2017-05-18T13:22:23","slug":"junin-construyen-terraplen-para-contener-el-agua","status":"publish","type":"post","link":"https:\/\/vocesdebaires.com.ar\/index.php\/2017\/05\/18\/junin-construyen-terraplen-para-contener-el-agua\/","title":{"rendered":"Jun\u00edn construyen terrapl\u00e9n para contener  el agua"},"content":{"rendered":"<p>\u00a0<br \/>\nEl intendente Pablo Petrecca, con el apoyo de la gobernadora Mar\u00eda Eugenia Vidal, est\u00e1 haciendo una defensa en todo el margen urbano del r\u00edo Salado para resguardar las viviendas cercanas. Se utilizan cinco m\u00e1quinas retroexcavadoras. Este trabajo salvaguardar\u00e1 directa e indirectamente a 5 mil vecinos y protege a los barrios aleda\u00f1os: Paso Piedras, Villa del Parque, El Omb\u00fa, La Rufinita y Costa Verde. Petrecca recorri\u00f3 la obra en la zona de &quot;Puente Macucho&quot; y afirm\u00f3 que la prioridad de su gesti\u00f3n hoy &quot;es atender la situaci\u00f3n h\u00eddrica&quot;.<br \/>\n\u201cEl kilom\u00e9trico terrapl\u00e9n se extiende en ambas m\u00e1rgenes del r\u00edo y mide un metro de altura. A la tierra la envuelven con pl\u00e1stico y silobolsas para compactar artificialmente los terraplenes. Cada una de las retroexcavadoras realiza 400 metros por d\u00eda\u201d, describi\u00f3 Petrecca. El Jefe del Gobierno de Jun\u00edn remarc\u00f3 que &quot;estamos haciendo este terrapl\u00e9n para defensa y prevenci\u00f3n de todo el casco urbano, concretamente en el sector comprendido desde Costa Verde hasta calle Posadas, lugar donde se concentra la presencia de viviendas familiares&quot;.<br \/>\n&quot;El objetivo de estos trabajos es proteger estas viviendas en caso de que haya un desborde del r\u00edo Salado. Las tareas las estamos realizando junto a la Direcci\u00f3n de Hidr\u00e1ulica de Provincia. Los ingenieros son quienes marcan los ejes del trabajo. El contacto con ellos es permanente, por eso el lunes estuve reunido con el ministro de Infraestructura, Roberto Gigante, quien est\u00e1 al tanto de la situaci\u00f3n y nos ha expresado su compromiso para evitar cualquier situaci\u00f3n extrema&quot;. agreg\u00f3.<br \/>\nPetrecca tambi\u00e9n sostuvo que &quot;lamentablemente el cambio clim\u00e1tico ha venido para quedarse, ha llovido mucho en los \u00faltimos tiempos, superando cualquier tipo de estimaci\u00f3n, y esto es algo que debemos atender como lo estamos haciendo. Tambi\u00e9n es importante remarcar que esta situaci\u00f3n desnuda el faltante de obras importantes, que se sab\u00eda que eran necesarias, pero que durante todo este tiempo no se hicieron. La gobernadora Mar\u00eda Eugenia Vidal tom\u00f3 el compromiso de realizarlas, pero como se sabe, llevar\u00e1n tiempo&quot;.<\/p>\n","protected":false},"excerpt":{"rendered":"<p>\u00a0 El intendente Pablo Petrecca, con el apoyo de la gobernadora Mar\u00eda Eugenia Vidal, est\u00e1 haciendo una defensa en todo el margen urbano del r\u00edo Salado para resguardar las viviendas cercanas. Se utilizan cinco m\u00e1quinas retroexcavadoras. Este trabajo salvaguardar\u00e1 directa e indirectamente a 5 mil vecinos y protege a los barrios aleda\u00f1os: Paso Piedras, Villa [&hellip;]<\/p>\n","protected":false},"author":1,"featured_media":8491,"comment_status":"open","ping_status":"open","sticky":false,"template":"","format":"standard","meta":{"_et_pb_use_builder":"","_et_pb_old_content":"","_et_gb_content_width":"","footnotes":""},"categories":[34,13],"tags":[],"class_list":["post-8490","post","type-post","status-publish","format-standard","has-post-thumbnail","hentry","category-politica","category-provincia"],"_links":{"self":[{"href":"https:\/\/vocesdebaires.com.ar\/index.php\/wp-json\/wp\/v2\/posts\/8490"}],"collection":[{"href":"https:\/\/vocesdebaires.com.ar\/index.php\/wp-json\/wp\/v2\/posts"}],"about":[{"href":"https:\/\/vocesdebaires.com.ar\/index.php\/wp-json\/wp\/v2\/types\/post"}],"author":[{"embeddable":true,"href":"https:\/\/vocesdebaires.com.ar\/index.php\/wp-json\/wp\/v2\/users\/1"}],"replies":[{"embeddable":true,"href":"https:\/\/vocesdebaires.com.ar\/index.php\/wp-json\/wp\/v2\/comments?post=8490"}],"version-history":[{"count":0,"href":"https:\/\/vocesdebaires.com.ar\/index.php\/wp-json\/wp\/v2\/posts\/8490\/revisions"}],"wp:featuredmedia":[{"embeddable":true,"href":"https:\/\/vocesdebaires.com.ar\/index.php\/wp-json\/wp\/v2\/media\/8491"}],"wp:attachment":[{"href":"https:\/\/vocesdebaires.com.ar\/index.php\/wp-json\/wp\/v2\/media?parent=8490"}],"wp:term":[{"taxonomy":"category","embeddable":true,"href":"https:\/\/vocesdebaires.com.ar\/index.php\/wp-json\/wp\/v2\/categories?post=8490"},{"taxonomy":"post_tag","embeddable":true,"href":"https:\/\/vocesdebaires.com.ar\/index.php\/wp-json\/wp\/v2\/tags?post=8490"}],"curies":[{"name":"wp","href":"https:\/\/api.w.org\/{rel}","templated":true}]}}