{"id":8492,"date":"2017-05-18T10:10:30","date_gmt":"2017-05-18T13:10:30","guid":{"rendered":"http:\/\/vocesdebaires.com.ar\/wordpress\/index.php\/2017\/05\/18\/larreta-se-reunio-con-el-alcalde-de-berlin\/"},"modified":"2017-05-18T10:10:30","modified_gmt":"2017-05-18T13:10:30","slug":"larreta-se-reunio-con-el-alcalde-de-berlin","status":"publish","type":"post","link":"https:\/\/vocesdebaires.com.ar\/index.php\/2017\/05\/18\/larreta-se-reunio-con-el-alcalde-de-berlin\/","title":{"rendered":"Larreta se reuni\u00f3 con el alcalde de Berl\u00edn"},"content":{"rendered":"<p>\u00a0<br \/>\nEl jefe de Gobierno porte\u00f1o, Horacio Rodr\u00edguez Larreta, se reuni\u00f3 ayer con el alcalde de Berl\u00edn, Michael M\u00fcller, con quien comparti\u00f3 la visi\u00f3n sobre una nueva agenda urbana en las ciudades, que incluye el transporte p\u00fablico, la generaci\u00f3n de industrias del conocimiento y c\u00f3mo adaptar el dise\u00f1o urbano para mejorar la calidad de vida de los vecinos.\u201cVinimos especialmente a ver en Berl\u00edn el funcionamiento del transporte p\u00fablico porque compartimos la idea de convertirlo en el mejor transporte. Compartimos el objetivo de integrar socialmente las ciudades\u201d, expres\u00f3 el jefe de Gobierno porte\u00f1o.<br \/>\nAmbos mandatarios se comprometieron a intensificar el intercambio de estudiantes entre ambas ciudades. Buenos Aires recibe muchos estudiantes extranjeros, y M\u00fcller se\u00f1al\u00f3 que est\u00e1 al tanto de lo querida y demandada que es la capital argentina por los estudiantes alemanes.Del encuentro tambi\u00e9n participaron el secretario general del Gobierno porte\u00f1o, Fernando Straface; la Vicepresidente 1\u00aa de la Legislatura, Carmen Polledo, y los legisladores porte\u00f1os Paula Oliveto y Maximiliano Ferraro.<br \/>\nRodr\u00edguez Larreta y M\u00fcller coincidieron en que la realizaci\u00f3n de la reuni\u00f3n del G-20 el a\u00f1o que viene es una gran oportunidad para incorporar una agenda de debate entre los pa\u00edses sobre los desaf\u00edos de adaptaci\u00f3n de las ciudades a la mayor densidad que van ganando, al cambio clim\u00e1tico y a la integraci\u00f3n social. Para eso, el Jefe de Gobierno porte\u00f1o propone armar un grupo de ciudades del G-20 que se re\u00fana en Argentina el a\u00f1o que viene.\u201cLas ciudades del G-20 tienen la oportunidad de liderar una discusi\u00f3n global sobre la nueva agenda urbana\u201d, puntualiz\u00f3 Straface.<br \/>\nPreviamente, Rodr\u00edguez Larreta mantuvo un encuentro con funcionarios de la oficina Antidiscriminaci\u00f3n de la Alcald\u00eda de Berl\u00edn y fue invitado a participar del acto principal por el D\u00eda Internacional contra la homofobia y transfobia que se celebra hoy. E iz\u00f3 la bandera multicolor junto al ministro de Justicia de la alcald\u00eda de la ciudad alemana, Dirk Behrendt. Buenos Aires, junto con Berl\u00edn y un grupo de ciudades, son denominadas \u201cciudad arcoiris\u201d por las pol\u00edticas activas y a favor de la convivencia y la diversidad de orientaci\u00f3n sexual, religiosa y de todo tipo. Berl\u00edn se mostr\u00f3 muy interesada en los avances en materia de matrimonio igualitario (all\u00ed la ley no lo permite) de Buenos Aires, las pol\u00edticas de equidad para minor\u00edas de educaci\u00f3n sexual, y las \u00faltimas decisiones sobre adopciones, entre las que se destaca la adopci\u00f3n de ni\u00f1os por parte de padres del mismo sexo.<br \/>\nLa delegaci\u00f3n argentina mantuvo adem\u00e1s una reuni\u00f3n en el Ministerio de Vivencia y Social donde se convers\u00f3 sobre la pol\u00edtica para promover el alquiler social de viviendas. Las autoridades alemanas explicaron c\u00f3mo hace Berl\u00edn para construir permanentemente viviendas de acceso social, tratando de que en los barrios que se generan nuevos desarrollos inmobiliarios los privados deban tener destinadas una porci\u00f3n a vivienda social. Y c\u00f3mo esta pol\u00edtica redunda en barrios m\u00e1s integrados social y econ\u00f3micamente.  \u201cQueremos lograr que cada barrio en la ciudad tenga una identidad y a su vez pueda recibir a distintos sectores; amalgamar, que est\u00e9 integrada socialmente. Perfectamente lo podemos comparar con nuestro trabajo en el Barrio 31 y otras villas de la ciudad\u201d, dijo Rodr\u00edguez Larreta.<br \/>\nEl Parlamento alem\u00e1n (Reichstag) fue sede de un almuerzo con diputados locales vinculados con Argentina. Se realiz\u00f3 en el \u00faltimo piso, cuya c\u00fapula de vidrio fue dise\u00f1ado por Normal Foster, el reconocido arquitecto ingl\u00e9s que le dio forma a la sede del Gobierno porte\u00f1o en Parque Patricios.Otras de las actividades de la jornada fue el encuentro con Michael Geibler, responsable de la Berl\u00edn Energy Agency. Se hizo hincapi\u00e9 en formas de cooperaci\u00f3n t\u00e9cnica para equipar con paneles solares de energ\u00eda renovable al Hospital Pedro de Elizalde, para luego replicarla en otras instituciones p\u00fablicas.<br \/>\n&#8212;&#8212;&#8212;&#8212;&#8212;&#8212;&#8212;&#8212;&#8212;&#8212;&#8212;&#8212;&#8212;&#8212;&#8212;&#8212;&#8212;&#8212;&#8212;&#8212;&#8212;&#8212;&#8212;&#8212;&#8212;&#8212;&#8212;&#8212;&#8212;&#8212;&#8212;&#8212;&#8212;&#8212;&#8212;&#8212;&#8212;&#8212;&#8212;&#8212;&#8212;&#8212;&#8212;&#8212;&#8212;&#8212;&#8212;&#8212;&#8212;&#8212;&#8212;&#8212;&#8212;-<br \/>\nLarreta se reuni\u00f3 con la alcaldesa de Madrid<br \/>\nEl jefe de Gobierno porte\u00f1o, Horacio Rodr\u00edguez Larreta, se reuni\u00f3 con la alcaldesa de Madrid, Manuela Carmena, con quien firm\u00f3 un Memor\u00e1ndum de Colaboraci\u00f3n y una Carta de Cooperaci\u00f3n, y coincidieron en la importancia de las pol\u00edticas de cercan\u00eda y participaci\u00f3n ciudadana para mejorar la calidad de vida de los vecinos.\u201cEn las grandes ciudades como Madrid y Buenos Aires el trabajo de los alcaldes se define por los temas que hacen a la calidad de vida de la gente. M\u00e1s que por las definiciones ideol\u00f3gicas. Con Carmena coincidimos en que la participaci\u00f3n ciudadana y la cercan\u00eda son esenciales para la vida urbana de una ciudad moderna\u201d, explic\u00f3 Rodr\u00edguez Larreta durante su visita oficial a la capital espa\u00f1ola.<br \/>\nEl Jefe de Gobierno de la Ciudad dijo que conversaron tambi\u00e9n sobre c\u00f3mo generar mejores niveles de convivencia en las ciudades para \u201clograr compatibilizar los derechos\u201d de los vecinos.Del encuentro realizado en la sede del Ayuntamiento participaron integrantes del gabinete del Gobierno de Madrid; el secretario general del Gobierno porte\u00f1o, Fernando Straface; la Vicepresidente 1\u00aa de la Legislatura, Carmen Polledo, y los legisladores porte\u00f1os Paula Oliveto y Maximiliano Ferraro.<br \/>\nPreviamente, Rodr\u00edguez Larreta se reuni\u00f3 con los responsables de programas de Participaci\u00f3n Ciudadana, Transparencia y Gobierno Abierto. Ah\u00ed compartieron la evoluci\u00f3n de las dos experiencias hermanas, Madrid Decide y BA Elige. Los representantes madrile\u00f1os quedaron sorprendidos por el nivel de participaci\u00f3n de Buenos Aires, que alcanz\u00f3 los 25.000 vecinos, contra los 5.000 de la capital espa\u00f1ola. Los funcionarios espa\u00f1oles se mostraron muy interesados en conocer en profundidad los Compromisos de Gobierno de la Ciudad y c\u00f3mo se trabajaba en fijar los objetivos y monitorear su cumplimiento. Y destacaron la voluntad de que la informaci\u00f3n del Gobierno est\u00e9 a disposici\u00f3n de privados, ONG y vecinos para mejorar la calidad de vida y los servicios p\u00fablicos.\u201cEs el concepto de transparencia activa: para que el gran p\u00fablico tenga acceso y sepa c\u00f3mo puede usar la informaci\u00f3n para mejorar su calidad de vida\u201d, agreg\u00f3 Straface.<br \/>\nRodr\u00edguez Larreta particip\u00f3 tambi\u00e9n del Foro Iberoamericano Empresarial, con un auditorio colmado por unos 150 empresarios, algunos de los cuales ya invierten y otros que est\u00e1n interesados en hacerlo en Buenos Aires. Realiz\u00f3 una presentaci\u00f3n de oportunidades en la Ciudad y respondi\u00f3 las preguntas de los presentes.  \u201cIntentamos llevarlos a todos los de la industria de la creatividad: la tecnolog\u00eda, dise\u00f1o, industria audiovisual, cultura, a la gastronom\u00eda. Son sectores que est\u00e1n creciendo mucho en Buenos Aires y ac\u00e1 hay empresas que lo han desarrollado muy bien. As\u00ed que traer su experiencia a nuestra ciudad ser\u00eda fant\u00e1stico\u201d, puntualiz\u00f3 Rodr\u00edguez Larreta.<br \/>\nLos participantes destacaron que era el primer gobernante que los visitaba tras la gira del presidente de la Naci\u00f3n, Mauricio Macri, y coincidieron en la importancia de Buenos Aires para las inversiones. \u201cEn el proceso de internacionalizaci\u00f3n de la Argentina para volver al mundo, Buenos Aires tiene grandes oportunidades porque es la puerta de entrada. El talento de la ciudad y las condiciones de vida le dan la posibilidad de competir con las grandes ciudades del mundo\u201d, expres\u00f3 Rodr\u00edguez Larreta.<br \/>\nEl Jefe de Gobierno se reuni\u00f3 con los ejecutivos de la aerol\u00ednea Air Europa, quienes le anticiparon que en las pr\u00f3ximas semanas van a lanzar un paquete tur\u00edstico que incluye pasajes ida y vuelta Madrid-Buenos Aires-Madrid y hotel por siete d\u00edas, por 800 euros. Y le explicaron que es una apuesta a la nueva etapa de Argentina que incluye fortalecer la conectividad con Buenos Aires. Otra de las actividades realizadas por la delegaci\u00f3n argentina fue visitar el barrio Puente de Vallecas, en la periferia de Madrid, una zona que estaba desactivada y fue recuperada para la vida urbana, con planes de acceso a la vivienda para los vecinos. \u201cVimos c\u00f3mo en Madrid se da una pol\u00edtica de inclusi\u00f3n, con el mismo esp\u00edritu que estamos trabajando en el Barrio 31 y en otras villas de la Ciudad\u201d, jefe de Gobierno.\u00a0 &lt;img src=&quot;images\/stories\/2015\/alcaldesamadridlarreta.jpg&quot; border=&quot;0&quot; align=&quot;right&quot; \/&gt;<br \/>\n\u00a0<br \/>\n\u00a0<br \/>\n\u00a0<br \/>\n\u00a0<\/p>\n","protected":false},"excerpt":{"rendered":"<p>\u00a0 El jefe de Gobierno porte\u00f1o, Horacio Rodr\u00edguez Larreta, se reuni\u00f3 ayer con el alcalde de Berl\u00edn, Michael M\u00fcller, con quien comparti\u00f3 la visi\u00f3n sobre una nueva agenda urbana en las ciudades, que incluye el transporte p\u00fablico, la generaci\u00f3n de industrias del conocimiento y c\u00f3mo adaptar el dise\u00f1o urbano para mejorar la calidad de vida [&hellip;]<\/p>\n","protected":false},"author":1,"featured_media":8493,"comment_status":"open","ping_status":"open","sticky":false,"template":"","format":"standard","meta":{"_et_pb_use_builder":"","_et_pb_old_content":"","_et_gb_content_width":"","footnotes":""},"categories":[11,33],"tags":[],"class_list":["post-8492","post","type-post","status-publish","format-standard","has-post-thumbnail","hentry","category-ciudad","category-sociedad-y-cultura-2"],"_links":{"self":[{"href":"https:\/\/vocesdebaires.com.ar\/index.php\/wp-json\/wp\/v2\/posts\/8492"}],"collection":[{"href":"https:\/\/vocesdebaires.com.ar\/index.php\/wp-json\/wp\/v2\/posts"}],"about":[{"href":"https:\/\/vocesdebaires.com.ar\/index.php\/wp-json\/wp\/v2\/types\/post"}],"author":[{"embeddable":true,"href":"https:\/\/vocesdebaires.com.ar\/index.php\/wp-json\/wp\/v2\/users\/1"}],"replies":[{"embeddable":true,"href":"https:\/\/vocesdebaires.com.ar\/index.php\/wp-json\/wp\/v2\/comments?post=8492"}],"version-history":[{"count":0,"href":"https:\/\/vocesdebaires.com.ar\/index.php\/wp-json\/wp\/v2\/posts\/8492\/revisions"}],"wp:featuredmedia":[{"embeddable":true,"href":"https:\/\/vocesdebaires.com.ar\/index.php\/wp-json\/wp\/v2\/media\/8493"}],"wp:attachment":[{"href":"https:\/\/vocesdebaires.com.ar\/index.php\/wp-json\/wp\/v2\/media?parent=8492"}],"wp:term":[{"taxonomy":"category","embeddable":true,"href":"https:\/\/vocesdebaires.com.ar\/index.php\/wp-json\/wp\/v2\/categories?post=8492"},{"taxonomy":"post_tag","embeddable":true,"href":"https:\/\/vocesdebaires.com.ar\/index.php\/wp-json\/wp\/v2\/tags?post=8492"}],"curies":[{"name":"wp","href":"https:\/\/api.w.org\/{rel}","templated":true}]}}