{"id":8494,"date":"2017-05-18T03:00:00","date_gmt":"2017-05-18T06:00:00","guid":{"rendered":"http:\/\/vocesdebaires.com.ar\/wordpress\/index.php\/2017\/05\/18\/derechos-de-victimas-y-la-justicia-restaurativa\/"},"modified":"2017-05-18T03:00:00","modified_gmt":"2017-05-18T06:00:00","slug":"derechos-de-victimas-y-la-justicia-restaurativa","status":"publish","type":"post","link":"https:\/\/vocesdebaires.com.ar\/index.php\/2017\/05\/18\/derechos-de-victimas-y-la-justicia-restaurativa\/","title":{"rendered":"Derechos de v\u00edctimas y la justicia restaurativa"},"content":{"rendered":"<p>\u00a0<br \/>\nEl diputado Daniel Presti (PRO), la ex legisladora y ex defensora del Pueblo, Alicia Pierini y el doctor en derecho Valent\u00edn H\u00e9ctor Lorences, disertaron en el sal\u00f3n Per\u00f3n de la Legislatura sobre los derechos de las v\u00edctimas y la justicia restaurativa, m\u00e1s all\u00e1 del castigo al responsable del delito.<br \/>\nPresti al dirigirse al p\u00fablico y salud\u00f3 la iniciativa, a la que calific\u00f3 de muy buena. \u201cLo que se est\u00e1 intentando cambiar son los paradigmas judiciales\u201d.\u00a0 Resalt\u00f3 que hoy \u201clos imputados y encausados tienen garantizada una defensa, donde el juicio se hace conforme a derecho\u201d, pero se pregunt\u00f3 sobre \u201cqui\u00e9n se acuerda de las v\u00edctimas\u201d. Consider\u00f3 necesario que el Estado se patrocinarte del querellante, \u201cd\u00e1ndole la posibilidad de litigar sin gastos\u201d. Por esto destac\u00f3 que la ley nacional que tiene media sanci\u00f3n en el Congreso, una vez aprobada\u00a0 \u201cva visualizar el cambio de paradigma\u201d<br \/>\nPierini record\u00f3 al inicio que \u201clas madres del dolor o de Croma\u00f1\u00f3n, siempre nos dijeron que sus derechos como v\u00edctimas no hab\u00edan sido contemplados\u201d. Por eso desde el Instituto Argentino de Derechos Humanos que preside en la actualidad, decidieron ocuparse del tema \u201cmirando la realidad a la luz de los derechos humanos\u201d, teniendo en cuenta \u201cel pasado, analizando el presente y construyendo el futuro\u201d; ya que consider\u00f3 que los derechos humanos \u201cno es solo hablar de desaparecidos, sino tambi\u00e9n es la pobreza del 30% que tenemos en la actualidad\u201d.<br \/>\nResalt\u00f3 que para que se cumplan los derechos de las personas, \u201cno hemos tenido el esquema preventivo\u201d, como an\u00e1logamente se hace en la medicina sanitaria. Critic\u00f3 diversas propuestas como \u201cla baja de imputabilidad\u201d, ya que en esta se \u201cbusca castigar\u201d; pero \u201cno se ven las razones, no se previene\u201d.\u00a0 Pierini tambi\u00e9n reflexion\u00f3 que tanto las v\u00edctimas como los victimarios tienen sus derechos y que no hay que menoscabar ninguno, ya que debe cumplirse con la ley para que haya justicia.<br \/>\nLorences, docente en universidades nacionales y extranjeras, adem\u00e1s de ser ex juez de faltas en dos jurisdicciones,\u00a0 expuso sobre la propuesta de la justicia restaurativa. Primero record\u00f3 que cuando escribi\u00f3 su tesis de doctorado analiz\u00f3 las estad\u00edsticas criminales: en 2007 hubo m\u00e1s de un mill\u00f3n de cr\u00edmenes denunciados, pero ese mismo a\u00f1o hubo solo 30 mil sentencias. \u201cHoy hay much\u00edsimas posibilidades de no ser castigado por un delito\u201dFrente a esta disparidad consider\u00f3 que las reacciones son \u201cla inseguridad y el miedo\u201d, construyendo a \u201clos victimarios como figuras atractivas, misteriosas y amenazantes\u201d; pero olvid\u00e1ndose de las v\u00edctimas, donde estos \u201cno reciben ninguna satisfacci\u00f3n\u201d por parte del sistema.<br \/>\nLorences critic\u00f3 algunos preconceptos con datos de 2015 del Servicio Penitenciario Nacional que verti\u00f3: los encarcelados son 72 mil, de los cuales el 51% no tienen condena sino que est\u00e1n procesados, solo el 6% son menores y tambi\u00e9n solo el 6% es extranjero.Entonces la respuesta de la legislaci\u00f3n vigente y la justicia retributiva es la c\u00e1rcel, que es solo parcial; y se olvida de \u201crestaurar los derechos de las v\u00edctimas y la reinserci\u00f3n social\u201d. Por eso consider\u00f3 que \u201cla justicia es mucho m\u00e1s que la aplicaci\u00f3n de prisi\u00f3n\u201d. &lt;a&gt;<\/a><\/p>\n","protected":false},"excerpt":{"rendered":"<p>\u00a0 El diputado Daniel Presti (PRO), la ex legisladora y ex defensora del Pueblo, Alicia Pierini y el doctor en derecho Valent\u00edn H\u00e9ctor Lorences, disertaron en el sal\u00f3n Per\u00f3n de la Legislatura sobre los derechos de las v\u00edctimas y la justicia restaurativa, m\u00e1s all\u00e1 del castigo al responsable del delito. Presti al dirigirse al p\u00fablico [&hellip;]<\/p>\n","protected":false},"author":1,"featured_media":8495,"comment_status":"open","ping_status":"open","sticky":false,"template":"","format":"standard","meta":{"_et_pb_use_builder":"","_et_pb_old_content":"","_et_gb_content_width":"","footnotes":""},"categories":[11,33],"tags":[],"class_list":["post-8494","post","type-post","status-publish","format-standard","has-post-thumbnail","hentry","category-ciudad","category-sociedad-y-cultura-2"],"_links":{"self":[{"href":"https:\/\/vocesdebaires.com.ar\/index.php\/wp-json\/wp\/v2\/posts\/8494"}],"collection":[{"href":"https:\/\/vocesdebaires.com.ar\/index.php\/wp-json\/wp\/v2\/posts"}],"about":[{"href":"https:\/\/vocesdebaires.com.ar\/index.php\/wp-json\/wp\/v2\/types\/post"}],"author":[{"embeddable":true,"href":"https:\/\/vocesdebaires.com.ar\/index.php\/wp-json\/wp\/v2\/users\/1"}],"replies":[{"embeddable":true,"href":"https:\/\/vocesdebaires.com.ar\/index.php\/wp-json\/wp\/v2\/comments?post=8494"}],"version-history":[{"count":0,"href":"https:\/\/vocesdebaires.com.ar\/index.php\/wp-json\/wp\/v2\/posts\/8494\/revisions"}],"wp:featuredmedia":[{"embeddable":true,"href":"https:\/\/vocesdebaires.com.ar\/index.php\/wp-json\/wp\/v2\/media\/8495"}],"wp:attachment":[{"href":"https:\/\/vocesdebaires.com.ar\/index.php\/wp-json\/wp\/v2\/media?parent=8494"}],"wp:term":[{"taxonomy":"category","embeddable":true,"href":"https:\/\/vocesdebaires.com.ar\/index.php\/wp-json\/wp\/v2\/categories?post=8494"},{"taxonomy":"post_tag","embeddable":true,"href":"https:\/\/vocesdebaires.com.ar\/index.php\/wp-json\/wp\/v2\/tags?post=8494"}],"curies":[{"name":"wp","href":"https:\/\/api.w.org\/{rel}","templated":true}]}}