{"id":8496,"date":"2017-05-18T03:00:00","date_gmt":"2017-05-18T06:00:00","guid":{"rendered":"http:\/\/vocesdebaires.com.ar\/wordpress\/index.php\/2017\/05\/18\/reconocimiento-para-bicampeona-de-patinaje\/"},"modified":"2017-05-18T03:00:00","modified_gmt":"2017-05-18T06:00:00","slug":"reconocimiento-para-bicampeona-de-patinaje","status":"publish","type":"post","link":"https:\/\/vocesdebaires.com.ar\/index.php\/2017\/05\/18\/reconocimiento-para-bicampeona-de-patinaje\/","title":{"rendered":"Reconocimiento para bicampeona de patinaje"},"content":{"rendered":"<p>\u00a0<br \/>\nLa joven deportista Anabella Mendoz, integrante de la Selecci\u00f3n Argentina de Pat\u00edn Art\u00edstico y profesora de la disciplina en el club San Lorenzo, se consagr\u00f3 bicampeona del mundo, motivo por el cual la Legislatura porte\u00f1a decidi\u00f3 distinguirla como Personalidad Destacada de la Ciudad de Buenos Aires a trav\u00e9s de una iniciativa del diputado Javier Gentilini (FR).Mendoz estuvo acompa\u00f1ada durante la ceremonia por autoridades de San Lorenzo, entre ellos su vicepresidente segundo, Roberto \u00c1lvarez y el secretario Miguel Mastrosimone; el presidente de la Confederaci\u00f3n Argentina de Pat\u00edn, Daniel Ventura; el presidente de la Federaci\u00f3n Porte\u00f1a de Pat\u00edn, Jos\u00e9 Amor; compa\u00f1eras y alumnas de pat\u00edn, entre otros.<br \/>\nEl galard\u00f3n obtenido por Mendoz el a\u00f1o pasado en el mundial de Italia se suma al t\u00edtulo de 2015, cuando se qued\u00f3 con el oro en el mundial de Colombia y el Campeonato Sudamericano. Adem\u00e1s, este a\u00f1o afrontar\u00e1 un nuevo desaf\u00edo cuando intente revalidar su corona en el campeonato mundial que se disputar\u00e1 en China (Nanjing) en el mes de agosto.<br \/>\nEl diputado Gentilini resalt\u00f3 que &quot;el logro de Anabella se destaca may\u00fasculamente por ser una disciplina no popular en la que siempre todo cuesta un poco m\u00e1s. Ser bicampe\u00f3n mundial implica que se hizo todo bien para lograr ese m\u00e9rito y m\u00e1s para mantenerlo&quot;. El legislador tambi\u00e9n mencion\u00f3 que se requiere &quot;esfuerzo, disciplina y garra para enfrentar todos los d\u00edas varias horas de entrenamiento&quot; y destac\u00f3 su capacidad docente: &quot;Inculca el car\u00e1cter formativo en ni\u00f1as y ni\u00f1os que tienen la posibilidad de entrenar con ella&quot;. Finalmente agradeci\u00f3 el trabajo social que realiza San Lorenzo como instituci\u00f3n y su apoyo para Anabella y todos los deportes del club.<br \/>\nRoberto \u00c1lvarez agradeci\u00f3 al equipo de entrenadores formativos de la homenajeada y ponder\u00f3 que &quot;hoy Anabella hace docencia en Avenida La Plata porque San Lorenzo inici\u00f3 un compromiso con la vuelta al barrio de Boedo que va m\u00e1s all\u00e1 del f\u00fatbol, los clubes son mucho m\u00e1s que una pelota de f\u00fatbol y esto lo demuestra. Queremos mejorar el barrio y hacerlo con calidad&quot;.<br \/>\nPor su parte, Mendoz agradeci\u00f3 a los dirigentes por apoyar no s\u00f3lo al patinaje sino a todos los deportes. &quot;Esta nueva dirigencia logr\u00f3 un crecimiento para la instituci\u00f3n, aument\u00f3 la cantidad de socios y el club est\u00e1 siempre lleno de chicos haciendo deporte, que los saca de la calle, los hace m\u00e1s trabajadores y les ense\u00f1a a administrar sus tiempos&quot;, afirm\u00f3. Anabella se especializa en la categor\u00eda Figuras Obligatorias Damas Senior, una modalidad que es considerada la base de todo el patinaje, ya que exige balance, control y disciplina. Los competidores son juzgados por la exactitud del recorrido sobre el c\u00edrculo, la correcta ejecuci\u00f3n de los cambios de direcci\u00f3n, la salida de la posici\u00f3n quieta y la postura.<\/p>\n","protected":false},"excerpt":{"rendered":"<p>\u00a0 La joven deportista Anabella Mendoz, integrante de la Selecci\u00f3n Argentina de Pat\u00edn Art\u00edstico y profesora de la disciplina en el club San Lorenzo, se consagr\u00f3 bicampeona del mundo, motivo por el cual la Legislatura porte\u00f1a decidi\u00f3 distinguirla como Personalidad Destacada de la Ciudad de Buenos Aires a trav\u00e9s de una iniciativa del diputado Javier [&hellip;]<\/p>\n","protected":false},"author":1,"featured_media":8497,"comment_status":"open","ping_status":"open","sticky":false,"template":"","format":"standard","meta":{"_et_pb_use_builder":"","_et_pb_old_content":"","_et_gb_content_width":"","footnotes":""},"categories":[11,33],"tags":[],"class_list":["post-8496","post","type-post","status-publish","format-standard","has-post-thumbnail","hentry","category-ciudad","category-sociedad-y-cultura-2"],"_links":{"self":[{"href":"https:\/\/vocesdebaires.com.ar\/index.php\/wp-json\/wp\/v2\/posts\/8496"}],"collection":[{"href":"https:\/\/vocesdebaires.com.ar\/index.php\/wp-json\/wp\/v2\/posts"}],"about":[{"href":"https:\/\/vocesdebaires.com.ar\/index.php\/wp-json\/wp\/v2\/types\/post"}],"author":[{"embeddable":true,"href":"https:\/\/vocesdebaires.com.ar\/index.php\/wp-json\/wp\/v2\/users\/1"}],"replies":[{"embeddable":true,"href":"https:\/\/vocesdebaires.com.ar\/index.php\/wp-json\/wp\/v2\/comments?post=8496"}],"version-history":[{"count":0,"href":"https:\/\/vocesdebaires.com.ar\/index.php\/wp-json\/wp\/v2\/posts\/8496\/revisions"}],"wp:featuredmedia":[{"embeddable":true,"href":"https:\/\/vocesdebaires.com.ar\/index.php\/wp-json\/wp\/v2\/media\/8497"}],"wp:attachment":[{"href":"https:\/\/vocesdebaires.com.ar\/index.php\/wp-json\/wp\/v2\/media?parent=8496"}],"wp:term":[{"taxonomy":"category","embeddable":true,"href":"https:\/\/vocesdebaires.com.ar\/index.php\/wp-json\/wp\/v2\/categories?post=8496"},{"taxonomy":"post_tag","embeddable":true,"href":"https:\/\/vocesdebaires.com.ar\/index.php\/wp-json\/wp\/v2\/tags?post=8496"}],"curies":[{"name":"wp","href":"https:\/\/api.w.org\/{rel}","templated":true}]}}