{"id":852,"date":"2020-04-08T15:11:52","date_gmt":"2020-04-08T18:11:52","guid":{"rendered":"http:\/\/vocesdebaires.com.ar\/wordpress\/index.php\/2020\/04\/08\/almagro-cayo-estafador-y-ladron-de-celulares\/"},"modified":"2020-04-08T15:11:52","modified_gmt":"2020-04-08T18:11:52","slug":"almagro-cayo-estafador-y-ladron-de-celulares","status":"publish","type":"post","link":"https:\/\/vocesdebaires.com.ar\/index.php\/2020\/04\/08\/almagro-cayo-estafador-y-ladron-de-celulares\/","title":{"rendered":"Almagro: Cay\u00f3 estafador y ladr\u00f3n de celulares"},"content":{"rendered":"<p>Personal de la Divisi\u00f3n Brigada de la Comisar\u00eda Comunal 5 de la Polic\u00eda de la Ciudad fue alertado por un hombre de 69 a\u00f1os sobre el robo de un tel\u00e9fono celular. Se llevaron a cabo las investigaciones correspondientes y, en las \u00faltimas horas, se logr\u00f3 capturar al delincuente. Mediante un acuerdo entre la v\u00edctima y los efectivos policiales se acord\u00f3 un lugar de entrega en un local en la esquina de las avenidas Rivadavia y Medrano. All\u00ed, el damnificado se juntar\u00eda con el delincuente para comprar el aparato telef\u00f3nico mientras que el personal policial acompa\u00f1\u00f3 al supuesto comprador en tareas de encubierto.<\/p>\n<p>Una vez en el lugar, los oficiales se identificaron y demoraron al ladr\u00f3n. Con la presencia de dos testigos, lo requisaron encontrando en su poder dos tel\u00e9fonos celulares, dinero en efectivo, d\u00f3lares, pesos chilenos y reales. Al consultar con el Juzgado Nacional en lo Criminal y Correccional N\u00famero 15, a cargo del doctor Zucconi\u00a0 y ante la Secretar\u00eda N\u00famero 145, se dispuso la detenci\u00f3n del imputado, un hombre de nacionalidad dominicana de 19 a\u00f1os, y su traslado a la alcaid\u00eda de la zona de la Polic\u00eda de la Ciudad.<\/p>\n","protected":false},"excerpt":{"rendered":"<p>Personal de la Divisi\u00f3n Brigada de la Comisar\u00eda Comunal 5 de la Polic\u00eda de la Ciudad fue alertado por un hombre de 69 a\u00f1os sobre el robo de un tel\u00e9fono celular. Se llevaron a cabo las investigaciones correspondientes y, en las \u00faltimas horas, se logr\u00f3 capturar al delincuente. Mediante un acuerdo entre la v\u00edctima y [&hellip;]<\/p>\n","protected":false},"author":1,"featured_media":853,"comment_status":"open","ping_status":"open","sticky":false,"template":"","format":"standard","meta":{"_et_pb_use_builder":"","_et_pb_old_content":"","_et_gb_content_width":"","footnotes":""},"categories":[11,32],"tags":[],"class_list":["post-852","post","type-post","status-publish","format-standard","has-post-thumbnail","hentry","category-ciudad","category-comunas"],"_links":{"self":[{"href":"https:\/\/vocesdebaires.com.ar\/index.php\/wp-json\/wp\/v2\/posts\/852"}],"collection":[{"href":"https:\/\/vocesdebaires.com.ar\/index.php\/wp-json\/wp\/v2\/posts"}],"about":[{"href":"https:\/\/vocesdebaires.com.ar\/index.php\/wp-json\/wp\/v2\/types\/post"}],"author":[{"embeddable":true,"href":"https:\/\/vocesdebaires.com.ar\/index.php\/wp-json\/wp\/v2\/users\/1"}],"replies":[{"embeddable":true,"href":"https:\/\/vocesdebaires.com.ar\/index.php\/wp-json\/wp\/v2\/comments?post=852"}],"version-history":[{"count":0,"href":"https:\/\/vocesdebaires.com.ar\/index.php\/wp-json\/wp\/v2\/posts\/852\/revisions"}],"wp:featuredmedia":[{"embeddable":true,"href":"https:\/\/vocesdebaires.com.ar\/index.php\/wp-json\/wp\/v2\/media\/853"}],"wp:attachment":[{"href":"https:\/\/vocesdebaires.com.ar\/index.php\/wp-json\/wp\/v2\/media?parent=852"}],"wp:term":[{"taxonomy":"category","embeddable":true,"href":"https:\/\/vocesdebaires.com.ar\/index.php\/wp-json\/wp\/v2\/categories?post=852"},{"taxonomy":"post_tag","embeddable":true,"href":"https:\/\/vocesdebaires.com.ar\/index.php\/wp-json\/wp\/v2\/tags?post=852"}],"curies":[{"name":"wp","href":"https:\/\/api.w.org\/{rel}","templated":true}]}}