{"id":8526,"date":"2017-05-16T13:36:21","date_gmt":"2017-05-16T16:36:21","guid":{"rendered":"http:\/\/vocesdebaires.com.ar\/wordpress\/index.php\/2017\/05\/16\/derechos-semana-del-parto-respetado\/"},"modified":"2017-05-16T13:36:21","modified_gmt":"2017-05-16T16:36:21","slug":"derechos-semana-del-parto-respetado","status":"publish","type":"post","link":"https:\/\/vocesdebaires.com.ar\/index.php\/2017\/05\/16\/derechos-semana-del-parto-respetado\/","title":{"rendered":"Derechos: Semana del parto respetado"},"content":{"rendered":"<p>\u00a0<br \/>\nEn un acto realizado en el Sal\u00f3n Per\u00f3n por los derechos de las madres en el parto y por la creaci\u00f3n de un Observatorio de Violencia Obst\u00e9trica, en la semana del parto respetado que se realiza desde el 15 al 20 de mayo.\u00a0Es fundamental tratar este tipo de tem\u00e1tica que ampl\u00edan derechos para todas las mujeres, estuvo tambi\u00e9n\u00a0 Mario Rovere (ex viceministro de Salud de la Naci\u00f3n), Victoria Montenegro (ex subsecretaria para la erradicaci\u00f3n de Violencia contra las Mujeres),\u00a0 Gonzalo Leiva (Observatorio de Violencias Obst\u00e9trica de Chile), Patricia Rosemberg y Cecilia Zerbo (ex directora y ex directora asociada, respectivamente de la Maternidad Estela Carolotto); adem\u00e1s de Victoria Romero y\u00a0 Julieta Saulo; miembros de la asociaci\u00f3n Las Casildas.<br \/>\nSe sabe que la\u00a0 violencia hacia las mujeres\u00a0 es la m\u00e1s invisibilizada a nivel mundial . Por eso\u00a0 se present\u00f3 el proyecto para la creaci\u00f3n del Observatorio de Violencia Obst\u00e9trica y Asesor\u00eda Jur\u00eddica General, que recopilar\u00e1 denuncias y confeccionar\u00e1 estad\u00edsticas para aplicar a futuras pol\u00edticas p\u00fablicas; adem\u00e1s de brindar informaci\u00f3n sobre el parto respetado, enmarcado en la ley nacional 25 929 sancionada en 2004 y reglamentada en 2015.  Rovere defendi\u00f3 el respeto al \u201cproceso de maduraci\u00f3n\u201d en la gestaci\u00f3n, que no debe estar atado a las 40 semanas. Rosemberg destac\u00f3 que no es menor tener leyes, ya que estas son garantes de derechos, como los de las mujeres. Y sobre los preceptos en la salud, dijo que \u201ctienen mucho de creencia\u201d.<br \/>\nLeiva dijo que a diferencia de la Argentina, en Chile no hay legislaci\u00f3n, sin establecerse un umbral de \u201cm\u00ednimos\u201d. Alert\u00f3 que en el pa\u00eds andino es \u201caberrante la tasa de ces\u00e1reas\u201d, que llega\u00a0 a m\u00e1s de la mitad de los partos.Montenegro resalt\u00f3 lo importante que es que se establezca el Observatorio, para hacer cumplir la ley y respetar los derechos. Y dijo que existe adem\u00e1s \u201cla violencia f\u00edsica, sexual, econ\u00f3mica y simb\u00f3lica&quot; contra las mujeres. La ley sancionada en la Argentina estableci\u00f3 los derechos de la madre, de la persona reci\u00e9n nacida y de la situaci\u00f3n de riesgo en el trabajo de parto y pos parto; respetando los tiempos biol\u00f3gicos y psicol\u00f3gicos. Tambi\u00e9n la legislaci\u00f3n establece el derecho a la informaci\u00f3n en las distintas intervenciones m\u00e9dicas y el derecho a participar en las decisiones.<\/p>\n","protected":false},"excerpt":{"rendered":"<p>\u00a0 En un acto realizado en el Sal\u00f3n Per\u00f3n por los derechos de las madres en el parto y por la creaci\u00f3n de un Observatorio de Violencia Obst\u00e9trica, en la semana del parto respetado que se realiza desde el 15 al 20 de mayo.\u00a0Es fundamental tratar este tipo de tem\u00e1tica que ampl\u00edan derechos para todas [&hellip;]<\/p>\n","protected":false},"author":1,"featured_media":8527,"comment_status":"open","ping_status":"open","sticky":false,"template":"","format":"standard","meta":{"_et_pb_use_builder":"","_et_pb_old_content":"","_et_gb_content_width":"","footnotes":""},"categories":[11,33],"tags":[],"class_list":["post-8526","post","type-post","status-publish","format-standard","has-post-thumbnail","hentry","category-ciudad","category-sociedad-y-cultura-2"],"_links":{"self":[{"href":"https:\/\/vocesdebaires.com.ar\/index.php\/wp-json\/wp\/v2\/posts\/8526"}],"collection":[{"href":"https:\/\/vocesdebaires.com.ar\/index.php\/wp-json\/wp\/v2\/posts"}],"about":[{"href":"https:\/\/vocesdebaires.com.ar\/index.php\/wp-json\/wp\/v2\/types\/post"}],"author":[{"embeddable":true,"href":"https:\/\/vocesdebaires.com.ar\/index.php\/wp-json\/wp\/v2\/users\/1"}],"replies":[{"embeddable":true,"href":"https:\/\/vocesdebaires.com.ar\/index.php\/wp-json\/wp\/v2\/comments?post=8526"}],"version-history":[{"count":0,"href":"https:\/\/vocesdebaires.com.ar\/index.php\/wp-json\/wp\/v2\/posts\/8526\/revisions"}],"wp:featuredmedia":[{"embeddable":true,"href":"https:\/\/vocesdebaires.com.ar\/index.php\/wp-json\/wp\/v2\/media\/8527"}],"wp:attachment":[{"href":"https:\/\/vocesdebaires.com.ar\/index.php\/wp-json\/wp\/v2\/media?parent=8526"}],"wp:term":[{"taxonomy":"category","embeddable":true,"href":"https:\/\/vocesdebaires.com.ar\/index.php\/wp-json\/wp\/v2\/categories?post=8526"},{"taxonomy":"post_tag","embeddable":true,"href":"https:\/\/vocesdebaires.com.ar\/index.php\/wp-json\/wp\/v2\/tags?post=8526"}],"curies":[{"name":"wp","href":"https:\/\/api.w.org\/{rel}","templated":true}]}}