{"id":858,"date":"2020-04-06T20:28:10","date_gmt":"2020-04-06T23:28:10","guid":{"rendered":"http:\/\/vocesdebaires.com.ar\/wordpress\/index.php\/2020\/04\/06\/las-fechas-y-los-lugares-para-vacunarse\/"},"modified":"2020-04-06T20:28:10","modified_gmt":"2020-04-06T23:28:10","slug":"las-fechas-y-los-lugares-para-vacunarse","status":"publish","type":"post","link":"https:\/\/vocesdebaires.com.ar\/index.php\/2020\/04\/06\/las-fechas-y-los-lugares-para-vacunarse\/","title":{"rendered":"Las fechas y los lugares para vacunarse"},"content":{"rendered":"<p>Se present\u00f3 el Plan de Vacunaci\u00f3n antigripal destinado a las personas mayores de 65 a\u00f1os de la Ciudad de Buenos Aires, que comenzar\u00e1 este jueves 9 de abril.  Los adultos mayores podr\u00e1n vacunarse en 80 lugares, que incluyen escuelas, centros comunitarios y centros religiosos.Adem\u00e1s se implementar\u00e1 un sistema de turnos que contempla el \u00faltimo d\u00edgito del n\u00famero de documento y el g\u00e9nero de la persona.Dentro del plan tambi\u00e9n est\u00e1n contemplados aquellos que a\u00fan no tienen 65 a\u00f1os y por tener otra patolog\u00eda forman parte del grupo de riesgo. Descargar grilla de fechas por n\u00famero de documento y listado de posta de vacunaci\u00f3n:<\/p>\n<p><a href=\"https:\/\/www.buenosaires.gob.ar\/sites\/gcaba\/files\/segmentacion_y_postas-vacunacion-adultos-mayores.pdf\">https:\/\/www.buenosaires.gob.ar\/sites\/gcaba\/files\/segmentacion_y_postas-vacunacion-adultos-mayores.pdf<\/a><\/p>\n","protected":false},"excerpt":{"rendered":"<p>Se present\u00f3 el Plan de Vacunaci\u00f3n antigripal destinado a las personas mayores de 65 a\u00f1os de la Ciudad de Buenos Aires, que comenzar\u00e1 este jueves 9 de abril. Los adultos mayores podr\u00e1n vacunarse en 80 lugares, que incluyen escuelas, centros comunitarios y centros religiosos.Adem\u00e1s se implementar\u00e1 un sistema de turnos que contempla el \u00faltimo d\u00edgito [&hellip;]<\/p>\n","protected":false},"author":1,"featured_media":859,"comment_status":"open","ping_status":"open","sticky":false,"template":"","format":"standard","meta":{"_et_pb_use_builder":"","_et_pb_old_content":"","_et_gb_content_width":"","footnotes":""},"categories":[11,32],"tags":[],"class_list":["post-858","post","type-post","status-publish","format-standard","has-post-thumbnail","hentry","category-ciudad","category-comunas"],"_links":{"self":[{"href":"https:\/\/vocesdebaires.com.ar\/index.php\/wp-json\/wp\/v2\/posts\/858"}],"collection":[{"href":"https:\/\/vocesdebaires.com.ar\/index.php\/wp-json\/wp\/v2\/posts"}],"about":[{"href":"https:\/\/vocesdebaires.com.ar\/index.php\/wp-json\/wp\/v2\/types\/post"}],"author":[{"embeddable":true,"href":"https:\/\/vocesdebaires.com.ar\/index.php\/wp-json\/wp\/v2\/users\/1"}],"replies":[{"embeddable":true,"href":"https:\/\/vocesdebaires.com.ar\/index.php\/wp-json\/wp\/v2\/comments?post=858"}],"version-history":[{"count":0,"href":"https:\/\/vocesdebaires.com.ar\/index.php\/wp-json\/wp\/v2\/posts\/858\/revisions"}],"wp:featuredmedia":[{"embeddable":true,"href":"https:\/\/vocesdebaires.com.ar\/index.php\/wp-json\/wp\/v2\/media\/859"}],"wp:attachment":[{"href":"https:\/\/vocesdebaires.com.ar\/index.php\/wp-json\/wp\/v2\/media?parent=858"}],"wp:term":[{"taxonomy":"category","embeddable":true,"href":"https:\/\/vocesdebaires.com.ar\/index.php\/wp-json\/wp\/v2\/categories?post=858"},{"taxonomy":"post_tag","embeddable":true,"href":"https:\/\/vocesdebaires.com.ar\/index.php\/wp-json\/wp\/v2\/tags?post=858"}],"curies":[{"name":"wp","href":"https:\/\/api.w.org\/{rel}","templated":true}]}}