{"id":8664,"date":"2017-12-19T05:07:10","date_gmt":"2017-12-19T08:07:10","guid":{"rendered":"http:\/\/vocesdebaires.com.ar\/wordpress\/index.php\/2017\/12\/19\/sebastian-romero-fue-candidato-en-2015\/"},"modified":"2017-12-19T05:07:10","modified_gmt":"2017-12-19T08:07:10","slug":"sebastian-romero-fue-candidato-en-2015","status":"publish","type":"post","link":"https:\/\/vocesdebaires.com.ar\/index.php\/2017\/12\/19\/sebastian-romero-fue-candidato-en-2015\/","title":{"rendered":"Sebasti\u00e1n Romero fue candidato en 2015"},"content":{"rendered":"<p>\u00a0<br \/>\nAyer al mediod\u00eda, durante los incidentes en la plaza del Congreso, uno de los manifestantes llam\u00f3 la atenci\u00f3n al disparar un &quot;mortero casero&quot; contra la Polic\u00eda. Este hombre ya fue identificado y su nombre es Sebasti\u00e1n Romero, un militante del Partido Socialista de los Trabajadores Unificados (PTSU).El momento del disparo se produjo en el medio de la mayor violencia entre manifestantes radicalizados y fuerzas policiales, en el marco de las protestas callejeras por la reforma previsional. Te puede interesarlos Moyano, contra la reforma laboral: la &quot;familia unida&quot; suma fuerzas para influir en el Congreso, salarios y empleos supo que Romero es ex delegado de la planta fabril de General Motors en Alvear (Santa Fe) y en 2015 fue precandidato a diputado nacional por el Frente de Izquierda y de los Trabajadores. Esto se puede verificar en una publicaci\u00f3n en la p\u00e1gina de Facebook del PTSU.<br \/>\nRepudio a los destrozos en comercios Pymes<br \/>\nLa Federaci\u00f3n de Comercio e Industria de la Ciudad Aut\u00f3noma de Buenos Aires \u2013FECOBA- expresa su repudio a los destrozos ocasionados en los comercios Pymes en el marco de los actos violentos del d\u00eda de la fecha.FECOBA pone de manifiesto su total apoyo y solidaridad a los comerciantes que se vieron damnificados en sus comercios.<\/p>\n","protected":false},"excerpt":{"rendered":"<p>\u00a0 Ayer al mediod\u00eda, durante los incidentes en la plaza del Congreso, uno de los manifestantes llam\u00f3 la atenci\u00f3n al disparar un &quot;mortero casero&quot; contra la Polic\u00eda. Este hombre ya fue identificado y su nombre es Sebasti\u00e1n Romero, un militante del Partido Socialista de los Trabajadores Unificados (PTSU).El momento del disparo se produjo en el [&hellip;]<\/p>\n","protected":false},"author":1,"featured_media":8665,"comment_status":"open","ping_status":"open","sticky":false,"template":"","format":"standard","meta":{"_et_pb_use_builder":"","_et_pb_old_content":"","_et_gb_content_width":"","footnotes":""},"categories":[11,33],"tags":[],"class_list":["post-8664","post","type-post","status-publish","format-standard","has-post-thumbnail","hentry","category-ciudad","category-sociedad-y-cultura-2"],"_links":{"self":[{"href":"https:\/\/vocesdebaires.com.ar\/index.php\/wp-json\/wp\/v2\/posts\/8664"}],"collection":[{"href":"https:\/\/vocesdebaires.com.ar\/index.php\/wp-json\/wp\/v2\/posts"}],"about":[{"href":"https:\/\/vocesdebaires.com.ar\/index.php\/wp-json\/wp\/v2\/types\/post"}],"author":[{"embeddable":true,"href":"https:\/\/vocesdebaires.com.ar\/index.php\/wp-json\/wp\/v2\/users\/1"}],"replies":[{"embeddable":true,"href":"https:\/\/vocesdebaires.com.ar\/index.php\/wp-json\/wp\/v2\/comments?post=8664"}],"version-history":[{"count":0,"href":"https:\/\/vocesdebaires.com.ar\/index.php\/wp-json\/wp\/v2\/posts\/8664\/revisions"}],"wp:featuredmedia":[{"embeddable":true,"href":"https:\/\/vocesdebaires.com.ar\/index.php\/wp-json\/wp\/v2\/media\/8665"}],"wp:attachment":[{"href":"https:\/\/vocesdebaires.com.ar\/index.php\/wp-json\/wp\/v2\/media?parent=8664"}],"wp:term":[{"taxonomy":"category","embeddable":true,"href":"https:\/\/vocesdebaires.com.ar\/index.php\/wp-json\/wp\/v2\/categories?post=8664"},{"taxonomy":"post_tag","embeddable":true,"href":"https:\/\/vocesdebaires.com.ar\/index.php\/wp-json\/wp\/v2\/tags?post=8664"}],"curies":[{"name":"wp","href":"https:\/\/api.w.org\/{rel}","templated":true}]}}