{"id":868,"date":"2020-04-06T18:05:32","date_gmt":"2020-04-06T21:05:32","guid":{"rendered":"http:\/\/vocesdebaires.com.ar\/wordpress\/index.php\/2020\/04\/06\/covid19detuvieron-delincuentes\/"},"modified":"2020-04-06T18:05:32","modified_gmt":"2020-04-06T21:05:32","slug":"covid19detuvieron-delincuentes","status":"publish","type":"post","link":"https:\/\/vocesdebaires.com.ar\/index.php\/2020\/04\/06\/covid19detuvieron-delincuentes\/","title":{"rendered":"Covid19:Detuvieron delincuentes"},"content":{"rendered":"<p>El hecho ocurri\u00f3 cuando personal de la Comisar\u00eda Vecinal 15B de la Polic\u00eda de la Ciudad fue alertado por tres sospechosos que intentaron forcejear la puerta del citado veh\u00edculo en Humboldt al 1900. Los agentes llegaron al lugar y redujeron a los ladrones, de los cuales uno de ellos se torn\u00f3 agresivo y lesion\u00f3 a un efectivo en la mano y en el brazo.Adem\u00e1s, al hacer las averiguaciones correspondientes, se pudo comprobar que uno de los imputados ten\u00eda tambi\u00e9n un pedido de captura vigente por robo. En la causa interviene el Juzgado Criminal y Correccional N\u00ba11, quien dispuso la detenci\u00f3n de los tres delincuentes por \u00abtentativa de robo\u00bb y \u00ablesiones\u00bb.<\/p>\n","protected":false},"excerpt":{"rendered":"<p>El hecho ocurri\u00f3 cuando personal de la Comisar\u00eda Vecinal 15B de la Polic\u00eda de la Ciudad fue alertado por tres sospechosos que intentaron forcejear la puerta del citado veh\u00edculo en Humboldt al 1900. Los agentes llegaron al lugar y redujeron a los ladrones, de los cuales uno de ellos se torn\u00f3 agresivo y lesion\u00f3 a [&hellip;]<\/p>\n","protected":false},"author":1,"featured_media":869,"comment_status":"open","ping_status":"open","sticky":false,"template":"","format":"standard","meta":{"_et_pb_use_builder":"","_et_pb_old_content":"","_et_gb_content_width":"","footnotes":""},"categories":[11,32],"tags":[],"class_list":["post-868","post","type-post","status-publish","format-standard","has-post-thumbnail","hentry","category-ciudad","category-comunas"],"_links":{"self":[{"href":"https:\/\/vocesdebaires.com.ar\/index.php\/wp-json\/wp\/v2\/posts\/868"}],"collection":[{"href":"https:\/\/vocesdebaires.com.ar\/index.php\/wp-json\/wp\/v2\/posts"}],"about":[{"href":"https:\/\/vocesdebaires.com.ar\/index.php\/wp-json\/wp\/v2\/types\/post"}],"author":[{"embeddable":true,"href":"https:\/\/vocesdebaires.com.ar\/index.php\/wp-json\/wp\/v2\/users\/1"}],"replies":[{"embeddable":true,"href":"https:\/\/vocesdebaires.com.ar\/index.php\/wp-json\/wp\/v2\/comments?post=868"}],"version-history":[{"count":0,"href":"https:\/\/vocesdebaires.com.ar\/index.php\/wp-json\/wp\/v2\/posts\/868\/revisions"}],"wp:featuredmedia":[{"embeddable":true,"href":"https:\/\/vocesdebaires.com.ar\/index.php\/wp-json\/wp\/v2\/media\/869"}],"wp:attachment":[{"href":"https:\/\/vocesdebaires.com.ar\/index.php\/wp-json\/wp\/v2\/media?parent=868"}],"wp:term":[{"taxonomy":"category","embeddable":true,"href":"https:\/\/vocesdebaires.com.ar\/index.php\/wp-json\/wp\/v2\/categories?post=868"},{"taxonomy":"post_tag","embeddable":true,"href":"https:\/\/vocesdebaires.com.ar\/index.php\/wp-json\/wp\/v2\/tags?post=868"}],"curies":[{"name":"wp","href":"https:\/\/api.w.org\/{rel}","templated":true}]}}