{"id":878,"date":"2020-04-03T03:00:00","date_gmt":"2020-04-03T06:00:00","guid":{"rendered":"http:\/\/vocesdebaires.com.ar\/wordpress\/index.php\/2020\/04\/03\/medidas-educativas-y-mesa-de-ayuda\/"},"modified":"2020-04-03T03:00:00","modified_gmt":"2020-04-03T06:00:00","slug":"medidas-educativas-y-mesa-de-ayuda","status":"publish","type":"post","link":"https:\/\/vocesdebaires.com.ar\/index.php\/2020\/04\/03\/medidas-educativas-y-mesa-de-ayuda\/","title":{"rendered":"Medidas educativas: Y mesa de ayuda"},"content":{"rendered":"<p>El jefe de Gabinete porte\u00f1o, Felipe Miguel, junto al ministro de Salud, Fern\u00e1n Quir\u00f3s, y el jefe de Gabinete del Ministerio de Educaci\u00f3n, Luis Bullrich, brindaron este jueves una conferencia de prensa en la que anunciaron medidas para el sector educativo, que incluyen el lanzamiento de una mesa de ayuda y apoyo escolar para los estudiantes y la entrega de una canasta alimentaria quincenal en 1.200 escuelas de la Ciudad de Buenos Aires.<\/p>\n<p>Miguel destac\u00f3 en primer lugar \u201cel compromiso tanto de los alumnos como de los docentes con esta nueva metodolog\u00eda de aprendizaje y ense\u00f1anza\u201d, en el marco del aislamiento social preventivo y obligatorio por el coronavirus, y se\u00f1al\u00f3 que \u201choy, unos 60.000 alumnos se conectan diariamente a la plataforma MiEscuela, y a trav\u00e9s de ella comparten contenidos con sus docentes y con las familias\u201d.<\/p>\n<p>Actualmente el 99,2% de los estudiantes usa MiEscuela, una plataforma educativa virtual que cubre el 100% del sistema p\u00fablico. La herramienta cuenta con estas funcionalidades: aula virtual, planes pedag\u00f3gicos semanales, m\u00f3dulo de comunicaciones, notificaciones, generaci\u00f3n y calificaci\u00f3n de actividades, y evaluaci\u00f3n. Adem\u00e1s, los alumnos cuentan con una Biblioteca Digital, que tiene m\u00e1s de 5.000 contenidos pedag\u00f3gicos de gran diversidad y lleva casi 43.000 descargas, y una plataforma de ingl\u00e9s, para conocimientos y pr\u00e1cticas.<\/p>\n<p>A su vez, el Jefe de Gabinete porte\u00f1o anunci\u00f3 el lanzamiento de \u201cuna mesa de ayuda escolar que se llama Comunidad Educativa Conectada (CEC), a trav\u00e9s de la cual, con un 0800 o a trav\u00e9s del chat de la Ciudad, se pueden conectar los padres y presentar ideas, hacer consultas, y ver los contenidos para acompa\u00f1ar a sus hijos en este proceso de aprendizaje\u201d. \u201cLo \u00faltimo, a trav\u00e9s de las conversaciones con las familias y las evaluaciones que hacemos desde el Ministerio de Educaci\u00f3n, hemos decidido reformular el sistema de entrega de comidas, pasando de uno diario a una canasta quincenal\u201d, adelant\u00f3 el Jefe de Gabinete.<\/p>\n<p>Miguel tambi\u00e9n le agradeci\u00f3 \u201ca toda la comunidad educativa por este gran esfuerzo que est\u00e1n haciendo para que nuestros chicos sigan aprendiendo a pesar de no tener clases presenciales\u201d y remarc\u00f3 que \u201ces muy importante que los alumnos se conecten, que usen los contenidos y el nuevo sistema educativo virtual, y que los docentes los acompa\u00f1en en este proceso. Y es fundamental que las familias apoyen a los chicos para sostener los h\u00e1bitos y las rutinas escolares\u201d.<\/p>\n<p>Por su parte, Bullrich dijo que la CEC \u201cva a permitir acompa\u00f1ar a las familias de la mejor manera posible\u00bb. \u00abPusimos a disposici\u00f3n el 0800-333-3382 de lunes a viernes, de 8 a 20, para que las familias puedan comunicarse con nosotros. Adem\u00e1s est\u00e1 a disposici\u00f3n el WhatsApp del Gobierno, que es 11-5050-0147 para que Boti los pueda guiar para poder ingresar a la Comunidad Educativa Conectada\u201d, precis\u00f3. Bullrich coment\u00f3 tambi\u00e9n que \u201clos lunes vamos a estar enviando rutinas diarias para organizar la semana, los jueves vamos a mandar gu\u00edas de juegos para hacer en familia y promover h\u00e1bitos saludables y de medio ambiente\u201d.<\/p>\n<p>El CEC cuenta con un centro de monitoreo que permite identificar las mejores pr\u00e1cticas en distintas plataformas para detectar mejoras y compartirlas con la comunidad de docentes. Y servir\u00e1 para tomar decisiones basadas en evidencia a partir de la elaboraci\u00f3n de informes, m\u00e9tricas y an\u00e1lisis de big data. En tanto, el funcionario asegur\u00f3 que \u201cseguimos garantizando el servicio alimentario para los 300.000 estudiantes de la Ciudad\u201d y, en ese contexto, explic\u00f3 que \u201cdesde ayer estamos entregando una canasta nutritiva quincenal por alumno, que tiene frutas, verduras y alimentos secos\u201d.<br \/>\u201cEl objetivo es cuidar a las familias y a la comunidad educativa, por eso espaciamos la entrega de alimentos\u201d, dijo, y agreg\u00f3: \u201cDurante estos tres d\u00edas vamos a estar entregando 1.776.000 raciones de desayuno, m\u00e1s 1.134.000 almuerzos y 602.000 refrigerios\u201d.<\/p>\n<p>La canasta incluye leche, t\u00e9, mate cocido, galletitas, frutas, verduras, arroz, fideos, az\u00facar y at\u00fan, entre otros alimentos. Y adem\u00e1s, se entrega un recetario con ideas de preparaciones saludables, una adaptaci\u00f3n para beb\u00e9s menores de 1 a\u00f1o, consejos b\u00e1sicos de higiene para prevenir el coronavirus, material l\u00fadico relacionado a la nutrici\u00f3n y un recordatorio para revisar la tarea que env\u00edan los docentes. Por \u00faltimo, Quir\u00f3s explic\u00f3 que \u00abnosotros seguimos con nuestro plan de fortalecimiento del sistema p\u00fablico de salud\u00bb y record\u00f3 que \u00abhemos sumado 400 suplementarias de internaci\u00f3n general y 200 camas de terapia intensiva\u00bb y que \u00abestamos contratando al profesional de la salud, tanto m\u00e9dicos, kinesi\u00f3logos como enfermeros\u00bb.<\/p>\n<p>\u00abEstamos viendo que las medidas generales que se han tomado y las pol\u00edticas particulares de la Ciudad est\u00e1n logrando que la curva se estire un poquito m\u00e1s en el tiempo. Esperamos que la curva sea una o dos semanas m\u00e1s tard\u00edas de lo que estim\u00e1bamos, eso significar\u00eda que tengamos un aumento significativo de los casos nuevos en la segunda quincena de abril y que tengamos el pico m\u00e1ximo del estr\u00e9s del sistema para la segunda quincena de mayo\u00bb, afirm\u00f3.<\/p>\n","protected":false},"excerpt":{"rendered":"<p>El jefe de Gabinete porte\u00f1o, Felipe Miguel, junto al ministro de Salud, Fern\u00e1n Quir\u00f3s, y el jefe de Gabinete del Ministerio de Educaci\u00f3n, Luis Bullrich, brindaron este jueves una conferencia de prensa en la que anunciaron medidas para el sector educativo, que incluyen el lanzamiento de una mesa de ayuda y apoyo escolar para los [&hellip;]<\/p>\n","protected":false},"author":1,"featured_media":879,"comment_status":"open","ping_status":"open","sticky":false,"template":"","format":"standard","meta":{"_et_pb_use_builder":"","_et_pb_old_content":"","_et_gb_content_width":"","footnotes":""},"categories":[11,33],"tags":[],"class_list":["post-878","post","type-post","status-publish","format-standard","has-post-thumbnail","hentry","category-ciudad","category-sociedad-y-cultura-2"],"_links":{"self":[{"href":"https:\/\/vocesdebaires.com.ar\/index.php\/wp-json\/wp\/v2\/posts\/878"}],"collection":[{"href":"https:\/\/vocesdebaires.com.ar\/index.php\/wp-json\/wp\/v2\/posts"}],"about":[{"href":"https:\/\/vocesdebaires.com.ar\/index.php\/wp-json\/wp\/v2\/types\/post"}],"author":[{"embeddable":true,"href":"https:\/\/vocesdebaires.com.ar\/index.php\/wp-json\/wp\/v2\/users\/1"}],"replies":[{"embeddable":true,"href":"https:\/\/vocesdebaires.com.ar\/index.php\/wp-json\/wp\/v2\/comments?post=878"}],"version-history":[{"count":0,"href":"https:\/\/vocesdebaires.com.ar\/index.php\/wp-json\/wp\/v2\/posts\/878\/revisions"}],"wp:featuredmedia":[{"embeddable":true,"href":"https:\/\/vocesdebaires.com.ar\/index.php\/wp-json\/wp\/v2\/media\/879"}],"wp:attachment":[{"href":"https:\/\/vocesdebaires.com.ar\/index.php\/wp-json\/wp\/v2\/media?parent=878"}],"wp:term":[{"taxonomy":"category","embeddable":true,"href":"https:\/\/vocesdebaires.com.ar\/index.php\/wp-json\/wp\/v2\/categories?post=878"},{"taxonomy":"post_tag","embeddable":true,"href":"https:\/\/vocesdebaires.com.ar\/index.php\/wp-json\/wp\/v2\/tags?post=878"}],"curies":[{"name":"wp","href":"https:\/\/api.w.org\/{rel}","templated":true}]}}