{"id":882,"date":"2020-04-03T03:00:00","date_gmt":"2020-04-03T06:00:00","guid":{"rendered":"http:\/\/vocesdebaires.com.ar\/wordpress\/index.php\/2020\/04\/03\/ciudad-encuestacomo-vivis-la-cuarentena\/"},"modified":"2020-04-03T03:00:00","modified_gmt":"2020-04-03T06:00:00","slug":"ciudad-encuestacomo-vivis-la-cuarentena","status":"publish","type":"post","link":"https:\/\/vocesdebaires.com.ar\/index.php\/2020\/04\/03\/ciudad-encuestacomo-vivis-la-cuarentena\/","title":{"rendered":"Ciudad Encuesta:\u00bfC\u00f3mo viv\u00eds la cuarentena?"},"content":{"rendered":"<p>El aislamiento social que estamos experimentando cambi\u00f3 nuestra forma de vivir y de relacionarnos en estos d\u00edas. Empezamos a trabajar desde casa, al mismo tiempo que cuidamos a nuestras familias o limpiamos y mantenemos ordenados nuestros hogares.Las horas se entremezclaron y desordenaron y nuestra rutina de todos los d\u00edas se transform\u00f3 completamente. Ir al supermercado o sacar la basura se convirtieron en actividades log\u00edsticas que hay que planificar y los momentos de higiene se volvieron casi un ritual.<\/p>\n<p>Las relaciones sociales tambi\u00e9n cambiaron y el uso de la tecnolog\u00eda y la distancia revalorizan la importancia de los lazos personales y del contacto f\u00edsico. Muchos de estos h\u00e1bitos van a volver a ser como antes y, tambi\u00e9n, muchos otros van a quedar en el gran cambio de paradigma que significa esta cuarentena en la sociedad. Queremos que nos cuentes c\u00f3mo impact\u00f3 esto en tu d\u00eda a d\u00eda, cu\u00e1les son esos h\u00e1bitos que cambiaron en tu casa y en tu vida y si pens\u00e1s que hay cambios que llegaron para quedarse.<\/p>\n<p>Encuesta: contanos c\u00f3mo viv\u00eds la cuarentena: <a href=\"https:\/\/docs.google.com\/forms\/d\/e\/1FAIpQLSduKWJ7vCo74ov_14HyKDJAAPntyu-nF8Phz3s2rA53aBKigg\/viewform\">https:\/\/docs.google.com\/forms\/d\/e\/1FAIpQLSduKWJ7vCo74ov_14HyKDJAAPntyu-nF8Phz3s2rA53aBKigg\/viewform<\/a><\/p>\n","protected":false},"excerpt":{"rendered":"<p>El aislamiento social que estamos experimentando cambi\u00f3 nuestra forma de vivir y de relacionarnos en estos d\u00edas. Empezamos a trabajar desde casa, al mismo tiempo que cuidamos a nuestras familias o limpiamos y mantenemos ordenados nuestros hogares.Las horas se entremezclaron y desordenaron y nuestra rutina de todos los d\u00edas se transform\u00f3 completamente. Ir al supermercado [&hellip;]<\/p>\n","protected":false},"author":1,"featured_media":883,"comment_status":"open","ping_status":"open","sticky":false,"template":"","format":"standard","meta":{"_et_pb_use_builder":"","_et_pb_old_content":"","_et_gb_content_width":"","footnotes":""},"categories":[11,33],"tags":[],"class_list":["post-882","post","type-post","status-publish","format-standard","has-post-thumbnail","hentry","category-ciudad","category-sociedad-y-cultura-2"],"_links":{"self":[{"href":"https:\/\/vocesdebaires.com.ar\/index.php\/wp-json\/wp\/v2\/posts\/882"}],"collection":[{"href":"https:\/\/vocesdebaires.com.ar\/index.php\/wp-json\/wp\/v2\/posts"}],"about":[{"href":"https:\/\/vocesdebaires.com.ar\/index.php\/wp-json\/wp\/v2\/types\/post"}],"author":[{"embeddable":true,"href":"https:\/\/vocesdebaires.com.ar\/index.php\/wp-json\/wp\/v2\/users\/1"}],"replies":[{"embeddable":true,"href":"https:\/\/vocesdebaires.com.ar\/index.php\/wp-json\/wp\/v2\/comments?post=882"}],"version-history":[{"count":0,"href":"https:\/\/vocesdebaires.com.ar\/index.php\/wp-json\/wp\/v2\/posts\/882\/revisions"}],"wp:featuredmedia":[{"embeddable":true,"href":"https:\/\/vocesdebaires.com.ar\/index.php\/wp-json\/wp\/v2\/media\/883"}],"wp:attachment":[{"href":"https:\/\/vocesdebaires.com.ar\/index.php\/wp-json\/wp\/v2\/media?parent=882"}],"wp:term":[{"taxonomy":"category","embeddable":true,"href":"https:\/\/vocesdebaires.com.ar\/index.php\/wp-json\/wp\/v2\/categories?post=882"},{"taxonomy":"post_tag","embeddable":true,"href":"https:\/\/vocesdebaires.com.ar\/index.php\/wp-json\/wp\/v2\/tags?post=882"}],"curies":[{"name":"wp","href":"https:\/\/api.w.org\/{rel}","templated":true}]}}