{"id":8839,"date":"2017-06-21T03:00:00","date_gmt":"2017-06-21T06:00:00","guid":{"rendered":"http:\/\/vocesdebaires.com.ar\/wordpress\/index.php\/2017\/06\/21\/denuncias-fit-pretende-proscribir-a-la-izquierda\/"},"modified":"2017-06-21T03:00:00","modified_gmt":"2017-06-21T06:00:00","slug":"denuncias-fit-pretende-proscribir-a-la-izquierda","status":"publish","type":"post","link":"https:\/\/vocesdebaires.com.ar\/index.php\/2017\/06\/21\/denuncias-fit-pretende-proscribir-a-la-izquierda\/","title":{"rendered":"Denuncias: FIT pretende &quot;proscribir&quot; a la izquierda"},"content":{"rendered":"<p>\u00a0<br \/>\nLo asegur\u00f3 Vilma Ripoll, Pre-candidata a Senadora Nacional por la Provincia de Buenos Aires de la Izquierda al Frente, en referencia a la presentaci\u00f3n que realiz\u00f3 el Frente de Izquierda y los trabajadores ante la Justicia Electoral para impugnar el nombre elegido por la alianza compuesta entre el Nuevo MAS y el MST. En ese sentido, la dirigente declar\u00f3 que \u201cel FIT cree y pretende ser la \u00fanica izquierda, siendo que hay dos espacios distintos con nombres bien diferenciados\u201d y agreg\u00f3 que mientras que el espacio que integra se denomina Izquierda al Frente por el Socialismo, la fuerza conformada por el Partido Obrero, el Partido de los Trabajadores Socialistas y la Izquierda Socialista se llama Frente de Izquierda y de los Trabajadores\u201d.<br \/>\nPor su parte, Ripoll se\u00f1al\u00f3 que \u201cprimero rechazaron la unidad que se les propuso y ahora intentan apropiarse de palabras gen\u00e9ricas como \u201cizquierda\u201d y \u201cfrente\u201d, tomando una actitud sectaria y lamentable que no reconoce la diversidad\u201d.Adem\u00e1s, la Pre-candidata acus\u00f3 al FIT de intentar &quot;proscribir&quot; e &quot;impedir la constituci\u00f3n y actuaci\u00f3n del resto de la izquierda&quot; y record\u00f3 que desde el a\u00f1o 2011 que vienen denunciando que \u201cel FIT se hab\u00eda constituido ampar\u00e1ndose en la justicia patronal para dejar afuera a otros partidos como el Nuevo MAS, siendo ileg\u00edtimo que se apropiara de toda la representaci\u00f3n\u201d. En tanto, afirm\u00f3 que &quot;la representaci\u00f3n de la izquierda se debe dirimir entre los trabajadores y llam\u00f3 a otros partidos a &quot;repudiar esta actitud y a acompa\u00f1ar el rechazo ante este aberrante intento proscriptivo&quot;. Finalmente, Vilma Ripoll dijo que esperan que \u201cla justicia electoral no convalide esa pretensi\u00f3n antidemocr\u00e1tica\u201d. &lt;a&gt;<\/a><\/p>\n","protected":false},"excerpt":{"rendered":"<p>\u00a0 Lo asegur\u00f3 Vilma Ripoll, Pre-candidata a Senadora Nacional por la Provincia de Buenos Aires de la Izquierda al Frente, en referencia a la presentaci\u00f3n que realiz\u00f3 el Frente de Izquierda y los trabajadores ante la Justicia Electoral para impugnar el nombre elegido por la alianza compuesta entre el Nuevo MAS y el MST. En [&hellip;]<\/p>\n","protected":false},"author":1,"featured_media":8840,"comment_status":"open","ping_status":"open","sticky":false,"template":"","format":"standard","meta":{"_et_pb_use_builder":"","_et_pb_old_content":"","_et_gb_content_width":"","footnotes":""},"categories":[11,33],"tags":[],"class_list":["post-8839","post","type-post","status-publish","format-standard","has-post-thumbnail","hentry","category-ciudad","category-sociedad-y-cultura-2"],"_links":{"self":[{"href":"https:\/\/vocesdebaires.com.ar\/index.php\/wp-json\/wp\/v2\/posts\/8839"}],"collection":[{"href":"https:\/\/vocesdebaires.com.ar\/index.php\/wp-json\/wp\/v2\/posts"}],"about":[{"href":"https:\/\/vocesdebaires.com.ar\/index.php\/wp-json\/wp\/v2\/types\/post"}],"author":[{"embeddable":true,"href":"https:\/\/vocesdebaires.com.ar\/index.php\/wp-json\/wp\/v2\/users\/1"}],"replies":[{"embeddable":true,"href":"https:\/\/vocesdebaires.com.ar\/index.php\/wp-json\/wp\/v2\/comments?post=8839"}],"version-history":[{"count":0,"href":"https:\/\/vocesdebaires.com.ar\/index.php\/wp-json\/wp\/v2\/posts\/8839\/revisions"}],"wp:featuredmedia":[{"embeddable":true,"href":"https:\/\/vocesdebaires.com.ar\/index.php\/wp-json\/wp\/v2\/media\/8840"}],"wp:attachment":[{"href":"https:\/\/vocesdebaires.com.ar\/index.php\/wp-json\/wp\/v2\/media?parent=8839"}],"wp:term":[{"taxonomy":"category","embeddable":true,"href":"https:\/\/vocesdebaires.com.ar\/index.php\/wp-json\/wp\/v2\/categories?post=8839"},{"taxonomy":"post_tag","embeddable":true,"href":"https:\/\/vocesdebaires.com.ar\/index.php\/wp-json\/wp\/v2\/tags?post=8839"}],"curies":[{"name":"wp","href":"https:\/\/api.w.org\/{rel}","templated":true}]}}