{"id":908,"date":"2020-04-30T03:00:00","date_gmt":"2020-04-30T06:00:00","guid":{"rendered":"http:\/\/vocesdebaires.com.ar\/wordpress\/index.php\/2020\/04\/30\/ciudad-cartoneros-podran-volver-a-recolectar-residuos\/"},"modified":"2020-04-30T03:00:00","modified_gmt":"2020-04-30T06:00:00","slug":"ciudad-cartoneros-podran-volver-a-recolectar-residuos","status":"publish","type":"post","link":"https:\/\/vocesdebaires.com.ar\/index.php\/2020\/04\/30\/ciudad-cartoneros-podran-volver-a-recolectar-residuos\/","title":{"rendered":"Ciudad: Cartoneros podr\u00e1n volver a recolectar residuos"},"content":{"rendered":"<p>Entre 100 y 120 recuperadores urbanos, que forman parte de algunas de las cooperativas incluidas en el sistema oficial de recolecci\u00f3n de reciclables porte\u00f1o. S\u00f3lo una vez por semana y \u00fanicamente con grandes generadores, como supermercados y farmacias. Esos son algunos de los t\u00e9rminos del convenio que preparan el Gobierno nacional y el porte\u00f1o para que una fracci\u00f3n de los cartoneros oficiales puedan volver a trabajar en la Ciudad. La firma ser\u00eda este viernes. La prueba piloto arrancar\u00e1 el lunes y durar\u00e1 15 d\u00edas.<\/p>\n<p>As\u00ed adelantaron a Clar\u00edn fuentes del Ministerio de Espacio P\u00fablico e Higiene Urbana de la Ciudad, la cartera que suscribir\u00e1 al acuerdo junto al Ministerio de Ambiente y Desarrollo Sostenible de la Naci\u00f3n. Seg\u00fan este \u00faltimo, las recolecciones ser\u00e1n los lunes en camiones y los grandes generadores deber\u00e1n tener los residuos previamente separados.Los cartoneros habilitados en esta prueba piloto, que representar\u00e1n entre el 1,5% y el 1,8% del total de recuperadores del sistema oficial, trabajar\u00e1n con permiso de circulaci\u00f3n del Gobierno nacional y con guantes, tapabocas y alcohol en gel. As\u00ed equipados ir\u00e1n a buscar el material en los locales y lo llevar\u00e1n a los centros verdes.<\/p>\n<p>En el ingreso a esos centros, les medir\u00e1n la temperatura corporal, y les exigir\u00e1n la vestimenta y protecci\u00f3n adecuadas, indican en la Secretar\u00eda de Control y Monitoreo Ambiental de la Naci\u00f3n, dependiente del Ministerio de Ambiente. All\u00ed se controlar\u00e1 adem\u00e1s que la cantidad m\u00e1xima de personas que trabajen respete los protocolos de distanciamiento. Entre el dep\u00f3sito de los residuos reciclables en el comercio y su retiro pasar\u00e1n 72 horas. El mismo plazo transcurrir\u00e1 tambi\u00e9n entre el retiro y el procesamiento de los residuos. De esta manera buscan dar el tiempo suficiente, estiman, para que el virus ya no est\u00e9 activo en las superficies de los materiales. Desde que arranc\u00f3 el aislamiento obligatorio, los cartoneros no tienen permiso para circular ni trabajar en la Ciudad y los reciclables se concentran en campanas, contenedores y puntos verdes automatizados.<\/p>\n<p>De all\u00ed, informan en el Gobierno porte\u00f1o, son trasladados en camiones y acopiados hasta que los centros verdes de reciclaje puedan volver a funcionar.El convenio que se firmar\u00e1 en estas horas incluye \u00fanicamente a una peque\u00f1a fracci\u00f3n de los recuperadores urbanos insertos en el sistema oficial. Mientras tanto, los independientes, sin ingresos fijos ni ayudas espec\u00edficas, se vieron en muchos casos en la necesidad de salir a levantar reciclables igual. Con todo, est\u00e1n limitados en su actividad tambi\u00e9n por una cuesti\u00f3n f\u00e1ctica: la mayor\u00eda de los \u201cgalponeros\u201d, comerciantes que ofician de intermediarios con la industria, cerraron sus propios negocios.La recolecci\u00f3n de reciclables domiciliarios, hospitalarios, hoteleros y de otros or\u00edgenes seguir\u00e1 estando prohibida, ya que en esta instancia \u201cno es posible garantizar la trazabilidad de esos materiales y su eventual procedencia de hogares con ciudadanos contagiados\u201d, indica un vocero de Espacio P\u00fablico porte\u00f1o.<\/p>\n","protected":false},"excerpt":{"rendered":"<p>Entre 100 y 120 recuperadores urbanos, que forman parte de algunas de las cooperativas incluidas en el sistema oficial de recolecci\u00f3n de reciclables porte\u00f1o. S\u00f3lo una vez por semana y \u00fanicamente con grandes generadores, como supermercados y farmacias. Esos son algunos de los t\u00e9rminos del convenio que preparan el Gobierno nacional y el porte\u00f1o para [&hellip;]<\/p>\n","protected":false},"author":1,"featured_media":909,"comment_status":"open","ping_status":"open","sticky":false,"template":"","format":"standard","meta":{"_et_pb_use_builder":"","_et_pb_old_content":"","_et_gb_content_width":"","footnotes":""},"categories":[11,32],"tags":[],"class_list":["post-908","post","type-post","status-publish","format-standard","has-post-thumbnail","hentry","category-ciudad","category-comunas"],"_links":{"self":[{"href":"https:\/\/vocesdebaires.com.ar\/index.php\/wp-json\/wp\/v2\/posts\/908"}],"collection":[{"href":"https:\/\/vocesdebaires.com.ar\/index.php\/wp-json\/wp\/v2\/posts"}],"about":[{"href":"https:\/\/vocesdebaires.com.ar\/index.php\/wp-json\/wp\/v2\/types\/post"}],"author":[{"embeddable":true,"href":"https:\/\/vocesdebaires.com.ar\/index.php\/wp-json\/wp\/v2\/users\/1"}],"replies":[{"embeddable":true,"href":"https:\/\/vocesdebaires.com.ar\/index.php\/wp-json\/wp\/v2\/comments?post=908"}],"version-history":[{"count":0,"href":"https:\/\/vocesdebaires.com.ar\/index.php\/wp-json\/wp\/v2\/posts\/908\/revisions"}],"wp:featuredmedia":[{"embeddable":true,"href":"https:\/\/vocesdebaires.com.ar\/index.php\/wp-json\/wp\/v2\/media\/909"}],"wp:attachment":[{"href":"https:\/\/vocesdebaires.com.ar\/index.php\/wp-json\/wp\/v2\/media?parent=908"}],"wp:term":[{"taxonomy":"category","embeddable":true,"href":"https:\/\/vocesdebaires.com.ar\/index.php\/wp-json\/wp\/v2\/categories?post=908"},{"taxonomy":"post_tag","embeddable":true,"href":"https:\/\/vocesdebaires.com.ar\/index.php\/wp-json\/wp\/v2\/tags?post=908"}],"curies":[{"name":"wp","href":"https:\/\/api.w.org\/{rel}","templated":true}]}}