{"id":9106,"date":"2017-03-27T03:00:00","date_gmt":"2017-03-27T06:00:00","guid":{"rendered":"http:\/\/vocesdebaires.com.ar\/wordpress\/index.php\/2017\/03\/27\/el-super-tc2000-se-corrio-en-la-ciudad\/"},"modified":"2017-03-27T03:00:00","modified_gmt":"2017-03-27T06:00:00","slug":"el-super-tc2000-se-corrio-en-la-ciudad","status":"publish","type":"post","link":"https:\/\/vocesdebaires.com.ar\/index.php\/2017\/03\/27\/el-super-tc2000-se-corrio-en-la-ciudad\/","title":{"rendered":"El S\u00faper TC2000 se corri\u00f3 en la ciudad"},"content":{"rendered":"<p>\u00a0<br \/>\nEl calendario deportivo arranc\u00f3 con la primera fecha de la categor\u00eda que comenz\u00f3 el s\u00e1bado\u00a0 y continu\u00f3\u00a0 ayer domingo en el Aut\u00f3dromo porte\u00f1o, ubicado en Villa Soldati, y que incluir\u00e1 el triple de carreras de las categor\u00edas m\u00e1s importantes respecto del a\u00f1o pasado, incluyendo la vuelta del Turismo Carretera.<br \/>\nEl Vicejefe de Gobierno porte\u00f1o, Diego Santilli, estuvo presente junto al Ministro de Modernizaci\u00f3n de la Ciudad, Andy Freire, y el Presidente de la Asociaci\u00f3n Argentina de Volantes, Juan Mar\u00eda Traverso.&quot;Esta fue la primera fecha que tuvimos en el G\u00e1lvez, en lo que ser\u00e1 un a\u00f1o con todas las categor\u00edas. Queremos potenciar al Aut\u00f3dromo para que vuelva a ser el motor del Sur de la Ciudad\u201d, destac\u00f3 el Vicejefe de Gobierno porte\u00f1o.<br \/>\nVale destacar que el G\u00e1lvez se encuentra en plena remodelaci\u00f3n, luego de que la Legislatura aprobara la ley en diciembre \u00faltimo y que permitir\u00e1 que vuelva a estar en condiciones de albergar a las competencias m\u00e1s exigentes del automovilismo mundial.\u00a0 El plan de mejoras, incluye en una primera etapa mejoras en pista y b\u00fasqueda de inversiones y\u00a0 una segunda etapa en la que se har\u00e1n\u00a0 trabajos de urbanizaci\u00f3n.<br \/>\nAdem\u00e1s, se contempla la generaci\u00f3n de nuevas fuentes de empleo, que se estima ser\u00e1n cerca de 13.000 nuevos puestos entre fijos y eventuales. Esto supone nuevas oportunidades para los vecinos de Villa Soldati, Villa Riachuelo y Villa Lugano quienes adem\u00e1s, podr\u00e1n disfrutar de 9 hect\u00e1reas de parques y espacios verdes.<br \/>\n\u201cTenemos el desaf\u00edo de poner en valor todos los barrios porque queremos una Ciudad con igualdad de\u00a0 oportunidades para todos los vecinos.\u00a0 La recuperaci\u00f3n del Aut\u00f3dromo, la puesta en valor del Parque Indoamericano, la integraci\u00f3n del Barrio 20, la Terminal Dellepiane, la Villa Ol\u00edmpica, el Centro de Transferencia de Cargas y el Parque Ol\u00edmpico forman parte de esto que traer\u00e1 muchos beneficios para la gente que vive en Soldati, Lugano y Villa Riachuelo\u201d, resalt\u00f3 Santilli.<\/p>\n","protected":false},"excerpt":{"rendered":"<p>\u00a0 El calendario deportivo arranc\u00f3 con la primera fecha de la categor\u00eda que comenz\u00f3 el s\u00e1bado\u00a0 y continu\u00f3\u00a0 ayer domingo en el Aut\u00f3dromo porte\u00f1o, ubicado en Villa Soldati, y que incluir\u00e1 el triple de carreras de las categor\u00edas m\u00e1s importantes respecto del a\u00f1o pasado, incluyendo la vuelta del Turismo Carretera. El Vicejefe de Gobierno porte\u00f1o, [&hellip;]<\/p>\n","protected":false},"author":1,"featured_media":0,"comment_status":"open","ping_status":"open","sticky":false,"template":"","format":"standard","meta":{"_et_pb_use_builder":"","_et_pb_old_content":"","_et_gb_content_width":"","footnotes":""},"categories":[14,46],"tags":[],"class_list":["post-9106","post","type-post","status-publish","format-standard","hentry","category-deportes","category-polideportiva"],"_links":{"self":[{"href":"https:\/\/vocesdebaires.com.ar\/index.php\/wp-json\/wp\/v2\/posts\/9106"}],"collection":[{"href":"https:\/\/vocesdebaires.com.ar\/index.php\/wp-json\/wp\/v2\/posts"}],"about":[{"href":"https:\/\/vocesdebaires.com.ar\/index.php\/wp-json\/wp\/v2\/types\/post"}],"author":[{"embeddable":true,"href":"https:\/\/vocesdebaires.com.ar\/index.php\/wp-json\/wp\/v2\/users\/1"}],"replies":[{"embeddable":true,"href":"https:\/\/vocesdebaires.com.ar\/index.php\/wp-json\/wp\/v2\/comments?post=9106"}],"version-history":[{"count":0,"href":"https:\/\/vocesdebaires.com.ar\/index.php\/wp-json\/wp\/v2\/posts\/9106\/revisions"}],"wp:attachment":[{"href":"https:\/\/vocesdebaires.com.ar\/index.php\/wp-json\/wp\/v2\/media?parent=9106"}],"wp:term":[{"taxonomy":"category","embeddable":true,"href":"https:\/\/vocesdebaires.com.ar\/index.php\/wp-json\/wp\/v2\/categories?post=9106"},{"taxonomy":"post_tag","embeddable":true,"href":"https:\/\/vocesdebaires.com.ar\/index.php\/wp-json\/wp\/v2\/tags?post=9106"}],"curies":[{"name":"wp","href":"https:\/\/api.w.org\/{rel}","templated":true}]}}