{"id":9197,"date":"2017-08-07T03:00:00","date_gmt":"2017-08-07T06:00:00","guid":{"rendered":"http:\/\/vocesdebaires.com.ar\/wordpress\/index.php\/2017\/08\/07\/autodromo-contentos-de-tener-al-tc-de-vuelta\/"},"modified":"2017-08-07T03:00:00","modified_gmt":"2017-08-07T06:00:00","slug":"autodromo-contentos-de-tener-al-tc-de-vuelta","status":"publish","type":"post","link":"https:\/\/vocesdebaires.com.ar\/index.php\/2017\/08\/07\/autodromo-contentos-de-tener-al-tc-de-vuelta\/","title":{"rendered":"Aut\u00f3dromo: &quot;Contentos de tener al TC de vuelta&quot;"},"content":{"rendered":"<p>\u00a0<br \/>\nEl vicejefe de Gobierno porte\u00f1o, Diego Santilli, asisti\u00f3 ayer al Gran Premio 1000 kil\u00f3metros Ciudad de Buenos Aires del Turismo Carretera, en el marco del 80\u00b0 aniversario de la categor\u00eda m\u00e1s tradicional del automovilismo argentino.\u201cEstamos felices, orgullosos, contentos de tener al TC de vuelta en el aut\u00f3dromo. Es la catedral del automovilismo. Y los recibe con un aut\u00f3dromo renovado, con 2.500 butacas nuevas, con el t\u00fanel, todo lo que tiene que ver con equipamiento. Y lo recibe con el m\u00edtico circuito 12 a pleno\u201d, resalt\u00f3 Santilli.Durante una conferencia de prensa brindada en la previa de la competencia, la 8va. del a\u00f1o, el Vicejefe de Gobierno destac\u00f3 las obras de renovaci\u00f3n que lleva adelante la Ciudad en el aut\u00f3dromo, al que calific\u00f3 como \u201cel palacio del automovilismo argentino\u201d.<br \/>\n\u201cEs una obra de 14 meses la puesta en valor del aut\u00f3dromo, pero adem\u00e1s incluye todo un \u00e1rea que va desde las tribunas al boulevard Roca que implica 9 hect\u00e1reas de espacios verdes, con plazas y parques que se integran con el barrio y los vecinos. Pero tambi\u00e9n la Ciudad del autom\u00f3vil, donde se pueda venir a arreglar el auto, tener agencias y todo lo que hace al amante de los \u2018fierros\u2019\u201d, explic\u00f3.Cabe destacar que el Gobierno porte\u00f1o lleva adelante un plan integral social, cultural, deportivo y comercial en el predio del Aut\u00f3dromo Oscar y Juan G\u00e1lvez, que favorecer\u00e1 el desarrollo humano, econ\u00f3mico y urbano del sur de la Ciudad.<br \/>\nEl proyecto pretende relanzar el aut\u00f3dromo como sede central del automovilismo y motociclismo nacional, posicion\u00e1ndolo en el calendario mundial de estos deportes como sede de los principales eventos globales, en el marco de un proyecto autosustentable que no necesite la inyecci\u00f3n permanente de fondos p\u00fablicos.En ese marco, desde marzo es la sede de las categor\u00edas m\u00e1s populares del automovilismo nacional: Super TC 2000, Turismo Carretera, TC 2000, Top Race y Turismo Nacional.<\/p>\n","protected":false},"excerpt":{"rendered":"<p>\u00a0 El vicejefe de Gobierno porte\u00f1o, Diego Santilli, asisti\u00f3 ayer al Gran Premio 1000 kil\u00f3metros Ciudad de Buenos Aires del Turismo Carretera, en el marco del 80\u00b0 aniversario de la categor\u00eda m\u00e1s tradicional del automovilismo argentino.\u201cEstamos felices, orgullosos, contentos de tener al TC de vuelta en el aut\u00f3dromo. Es la catedral del automovilismo. Y los [&hellip;]<\/p>\n","protected":false},"author":1,"featured_media":9198,"comment_status":"open","ping_status":"open","sticky":false,"template":"","format":"standard","meta":{"_et_pb_use_builder":"","_et_pb_old_content":"","_et_gb_content_width":"","footnotes":""},"categories":[14,46],"tags":[],"class_list":["post-9197","post","type-post","status-publish","format-standard","has-post-thumbnail","hentry","category-deportes","category-polideportiva"],"_links":{"self":[{"href":"https:\/\/vocesdebaires.com.ar\/index.php\/wp-json\/wp\/v2\/posts\/9197"}],"collection":[{"href":"https:\/\/vocesdebaires.com.ar\/index.php\/wp-json\/wp\/v2\/posts"}],"about":[{"href":"https:\/\/vocesdebaires.com.ar\/index.php\/wp-json\/wp\/v2\/types\/post"}],"author":[{"embeddable":true,"href":"https:\/\/vocesdebaires.com.ar\/index.php\/wp-json\/wp\/v2\/users\/1"}],"replies":[{"embeddable":true,"href":"https:\/\/vocesdebaires.com.ar\/index.php\/wp-json\/wp\/v2\/comments?post=9197"}],"version-history":[{"count":0,"href":"https:\/\/vocesdebaires.com.ar\/index.php\/wp-json\/wp\/v2\/posts\/9197\/revisions"}],"wp:featuredmedia":[{"embeddable":true,"href":"https:\/\/vocesdebaires.com.ar\/index.php\/wp-json\/wp\/v2\/media\/9198"}],"wp:attachment":[{"href":"https:\/\/vocesdebaires.com.ar\/index.php\/wp-json\/wp\/v2\/media?parent=9197"}],"wp:term":[{"taxonomy":"category","embeddable":true,"href":"https:\/\/vocesdebaires.com.ar\/index.php\/wp-json\/wp\/v2\/categories?post=9197"},{"taxonomy":"post_tag","embeddable":true,"href":"https:\/\/vocesdebaires.com.ar\/index.php\/wp-json\/wp\/v2\/tags?post=9197"}],"curies":[{"name":"wp","href":"https:\/\/api.w.org\/{rel}","templated":true}]}}