{"id":922,"date":"2020-04-29T03:00:00","date_gmt":"2020-04-29T06:00:00","guid":{"rendered":"http:\/\/vocesdebaires.com.ar\/wordpress\/index.php\/2020\/04\/29\/situacion-en-las-comunas-durante-la-emergencia\/"},"modified":"2020-04-29T03:00:00","modified_gmt":"2020-04-29T06:00:00","slug":"situacion-en-las-comunas-durante-la-emergencia","status":"publish","type":"post","link":"https:\/\/vocesdebaires.com.ar\/index.php\/2020\/04\/29\/situacion-en-las-comunas-durante-la-emergencia\/","title":{"rendered":"Situaci\u00f3n en las comunas durante la emergencia"},"content":{"rendered":"<p>Representantes de las juntas comunales de la Ciudad Aut\u00f3noma de Buenos Aires mantuvieron ayer martes una reuni\u00f3n de trabajo \u201con line\u201d con los\u00a0legisladores locales, en el marco de la comisi\u00f3n de Descentralizaci\u00f3n y Participaci\u00f3n Ciudadana, que preside el legislador Leandro Santoro (FdT).El presidente y la directora de la comisi\u00f3n se encontraban en el sal\u00f3n San Mart\u00edn del palacio legislativo y los diputados y comuneros participaron por video conferencia.<\/p>\n<p>Como se\u00f1al\u00f3 el legislador Santoro, se les pidi\u00f3 a los dirigentes de las comunas porte\u00f1as que plantearan \u201clas fortalezas y debilidades\u201d de cada zona o barrio, a los efectos de tener un cuadro de situaci\u00f3n sobre c\u00f3mo se sobrelleva en cada lugar la emergencia sanitaria y cu\u00e1les son las necesidades principales.\u201cEn un momento de emergencia, las distinciones por bander\u00edas pol\u00edticas deben quedar en segundo plano\u201d, enfatiz\u00f3 el presidente de la comisi\u00f3n, cuando percibi\u00f3 que las exposiciones de los comuneros se inclinaban hacia posturas partidistas.<\/p>\n<p>En general, hubo reconocimiento a las acciones que llevan adelante el Ministerio de Desarrollo Humano y H\u00e1bitat y el IVC y se pidi\u00f3 mayor di\u00e1logo y coordinaci\u00f3n entre el poder pol\u00edtico central de la Ciudad y las representaciones comunales. Tambi\u00e9n se reiteraron demandas referidas a ayuda alimentaria y econ\u00f3mica para sectores o grupos de personas empobrecidos no s\u00f3lo en los denominados barrios populares sino tambi\u00e9n en zonas consideradas de clase media. Las comunas ribere\u00f1as 4 (La Boca, Barracas, Parque Patricios, Nueva Pompeya) y 8 (Soldati, Lugano, Riachuelo) transmitieron su preocupaci\u00f3n por el fuerte brote de dengue y coincidieron en reclamar que se retiren de calles y bald\u00edos autos destrozados y abandonados donde se acumulan agua y mugre, generando focos infestos.<\/p>\n<p>Desde Almagro y Boedo (Comuna 5) se puso en consideraci\u00f3n la situaci\u00f3n de penuria de los clubes de barrio, que no pueden sostenerse econ\u00f3micamente ni pagar las tarifas de servicios. Al respecto, el legislador Claudio Morresi (FdT) consign\u00f3 que en breve se les otorgar\u00e1 a 190 clubes un subsidio paliativo de 60.000 pesos, gestionados desde la comisi\u00f3n de Turismo y Deportes de la Legislatura.<br \/>Morresi tambi\u00e9n pidi\u00f3 que se solicite a la Jefatura de Gobierno la reapertura de una docena de centros de servicios sociales que fueron cerrados en prevenci\u00f3n de contagios pero que estar\u00edan generando trastornos a los vecinos que deben desplazarse hacia otros barrios para hacer alg\u00fan tr\u00e1mite o consulta.<\/p>\n<p>Por otra parte, se comentaron algunas acciones solidarias o sanitarias de las que participan los integrantes de las comunas en apoyo de las pol\u00edticas oficiales, como el control en el cumplimiento de la \u201ccuarentena\u201d por parte de comercios, la participaci\u00f3n en trabajos de escacharrado, campa\u00f1as de difusi\u00f3n y concienciaci\u00f3n sobre dengue y coronavirus, fumigaciones de espacios p\u00fablicos y, especialmente, asistencia a los adultos mayores y a indigentes en situaci\u00f3n de calle.<\/p>\n<p>Ponderaron el trabajo conjunto y desinteresado de juventudes pol\u00edticas en la recolecci\u00f3n y distribuci\u00f3n de ropa, alimentos y art\u00edculos de limpieza. Adem\u00e1s de los mencionados, participaron de la reuni\u00f3n legislativa los legisladores Luc\u00eda Romano, Paola Micchielotto, Esteban Garrido, Carolina Estebarena, Natalia Fidel, Guillermo Su\u00e1rez y H\u00e9ctor Apreda (VJ). Hablaron ante la comisi\u00f3n los comuneros Ignacio \u00c1lvarez (Comuna 4), Federico Baill\u00e1n (6 &#8211; Caballito), Isis Cives (5 ), Miguel Evimer y Hugo Bentivenga (8) y Mat\u00edas Cantero (14 \u2013 Palermo).<\/p>\n","protected":false},"excerpt":{"rendered":"<p>Representantes de las juntas comunales de la Ciudad Aut\u00f3noma de Buenos Aires mantuvieron ayer martes una reuni\u00f3n de trabajo \u201con line\u201d con los\u00a0legisladores locales, en el marco de la comisi\u00f3n de Descentralizaci\u00f3n y Participaci\u00f3n Ciudadana, que preside el legislador Leandro Santoro (FdT).El presidente y la directora de la comisi\u00f3n se encontraban en el sal\u00f3n San [&hellip;]<\/p>\n","protected":false},"author":1,"featured_media":923,"comment_status":"open","ping_status":"open","sticky":false,"template":"","format":"standard","meta":{"_et_pb_use_builder":"","_et_pb_old_content":"","_et_gb_content_width":"","footnotes":""},"categories":[11,32],"tags":[],"class_list":["post-922","post","type-post","status-publish","format-standard","has-post-thumbnail","hentry","category-ciudad","category-comunas"],"_links":{"self":[{"href":"https:\/\/vocesdebaires.com.ar\/index.php\/wp-json\/wp\/v2\/posts\/922"}],"collection":[{"href":"https:\/\/vocesdebaires.com.ar\/index.php\/wp-json\/wp\/v2\/posts"}],"about":[{"href":"https:\/\/vocesdebaires.com.ar\/index.php\/wp-json\/wp\/v2\/types\/post"}],"author":[{"embeddable":true,"href":"https:\/\/vocesdebaires.com.ar\/index.php\/wp-json\/wp\/v2\/users\/1"}],"replies":[{"embeddable":true,"href":"https:\/\/vocesdebaires.com.ar\/index.php\/wp-json\/wp\/v2\/comments?post=922"}],"version-history":[{"count":0,"href":"https:\/\/vocesdebaires.com.ar\/index.php\/wp-json\/wp\/v2\/posts\/922\/revisions"}],"wp:featuredmedia":[{"embeddable":true,"href":"https:\/\/vocesdebaires.com.ar\/index.php\/wp-json\/wp\/v2\/media\/923"}],"wp:attachment":[{"href":"https:\/\/vocesdebaires.com.ar\/index.php\/wp-json\/wp\/v2\/media?parent=922"}],"wp:term":[{"taxonomy":"category","embeddable":true,"href":"https:\/\/vocesdebaires.com.ar\/index.php\/wp-json\/wp\/v2\/categories?post=922"},{"taxonomy":"post_tag","embeddable":true,"href":"https:\/\/vocesdebaires.com.ar\/index.php\/wp-json\/wp\/v2\/tags?post=922"}],"curies":[{"name":"wp","href":"https:\/\/api.w.org\/{rel}","templated":true}]}}