{"id":924,"date":"2020-04-29T03:00:00","date_gmt":"2020-04-29T06:00:00","guid":{"rendered":"http:\/\/vocesdebaires.com.ar\/wordpress\/index.php\/2020\/04\/29\/ciudad-despejaron-calles-de-ramas-y-arboles-caidos\/"},"modified":"2020-04-29T03:00:00","modified_gmt":"2020-04-29T06:00:00","slug":"ciudad-despejaron-calles-de-ramas-y-arboles-caidos","status":"publish","type":"post","link":"https:\/\/vocesdebaires.com.ar\/index.php\/2020\/04\/29\/ciudad-despejaron-calles-de-ramas-y-arboles-caidos\/","title":{"rendered":"Ciudad: Despejaron calles de ramas y \u00e1rboles ca\u00eddos"},"content":{"rendered":"<p>En base a los alertas difundidos por el Servicio Meteorol\u00f3gico Nacional, la Ciudad activ\u00f3 ayer martes el protocolo de emergencias y moviliz\u00f3 a sus cuadrillas de arbolado, aspersores de pluviales, agentes de tr\u00e1nsito y Defensa Civil, ambulancias y patrullas policiales. Se trata de m\u00e1s de 30 cuadrillas que trabajan en el an\u00e1lisis de da\u00f1os, fallas y despeje de las zonas afectadas.<\/p>\n<p>Seg\u00fan el \u00faltimo reporte, por el temporal, en el territorio porte\u00f1o se registraron 58 hechos ocasionados por 25 ramas y 33 \u00e1rboles ca\u00eddos. Entre ellos, al momento s\u00f3lo se registraron da\u00f1os en 7 automotores cuyos propietarios ser\u00e1n contactados por las comunas para comenzar el tr\u00e1mite de resarcimiento.<\/p>\n<p>Las comunas que reportan \u00e1rboles o ramas ca\u00eddas son:<br \/>* Comuna 1:\u00a0 4.<br \/>* Comuna 2:\u00a0 1.<br \/>* Comuna 3:\u00a0 6.<br \/>* Comuna 4:\u00a0 2.<br \/>* Comuna 5:\u00a0 1.<br \/>* Comuna 7:\u00a0 12.<br \/>* Comuna 8:\u00a0 8.<br \/>* Comuna 9:\u00a0 5.<br \/>* Comuna 10: 4.<br \/>* Comuna 11: 13.<br \/>* Comuna 13: 1.<br \/>* Comuna 15: 1.<\/p>\n<p>Ayer martes en la ciudad de Buenos Aires y el conurbano bonaerense el pron\u00f3stico se present\u00f3 con lluvias y tormentas fuertes, y vientos con r\u00e1fagas de hasta 50 kil\u00f3metros por hora seg\u00fan el informe del Servicio Meteorol\u00f3gico Nacional (SMN).<\/p>\n","protected":false},"excerpt":{"rendered":"<p>En base a los alertas difundidos por el Servicio Meteorol\u00f3gico Nacional, la Ciudad activ\u00f3 ayer martes el protocolo de emergencias y moviliz\u00f3 a sus cuadrillas de arbolado, aspersores de pluviales, agentes de tr\u00e1nsito y Defensa Civil, ambulancias y patrullas policiales. Se trata de m\u00e1s de 30 cuadrillas que trabajan en el an\u00e1lisis de da\u00f1os, fallas [&hellip;]<\/p>\n","protected":false},"author":1,"featured_media":925,"comment_status":"open","ping_status":"open","sticky":false,"template":"","format":"standard","meta":{"_et_pb_use_builder":"","_et_pb_old_content":"","_et_gb_content_width":"","footnotes":""},"categories":[11,32],"tags":[],"class_list":["post-924","post","type-post","status-publish","format-standard","has-post-thumbnail","hentry","category-ciudad","category-comunas"],"_links":{"self":[{"href":"https:\/\/vocesdebaires.com.ar\/index.php\/wp-json\/wp\/v2\/posts\/924"}],"collection":[{"href":"https:\/\/vocesdebaires.com.ar\/index.php\/wp-json\/wp\/v2\/posts"}],"about":[{"href":"https:\/\/vocesdebaires.com.ar\/index.php\/wp-json\/wp\/v2\/types\/post"}],"author":[{"embeddable":true,"href":"https:\/\/vocesdebaires.com.ar\/index.php\/wp-json\/wp\/v2\/users\/1"}],"replies":[{"embeddable":true,"href":"https:\/\/vocesdebaires.com.ar\/index.php\/wp-json\/wp\/v2\/comments?post=924"}],"version-history":[{"count":0,"href":"https:\/\/vocesdebaires.com.ar\/index.php\/wp-json\/wp\/v2\/posts\/924\/revisions"}],"wp:featuredmedia":[{"embeddable":true,"href":"https:\/\/vocesdebaires.com.ar\/index.php\/wp-json\/wp\/v2\/media\/925"}],"wp:attachment":[{"href":"https:\/\/vocesdebaires.com.ar\/index.php\/wp-json\/wp\/v2\/media?parent=924"}],"wp:term":[{"taxonomy":"category","embeddable":true,"href":"https:\/\/vocesdebaires.com.ar\/index.php\/wp-json\/wp\/v2\/categories?post=924"},{"taxonomy":"post_tag","embeddable":true,"href":"https:\/\/vocesdebaires.com.ar\/index.php\/wp-json\/wp\/v2\/tags?post=924"}],"curies":[{"name":"wp","href":"https:\/\/api.w.org\/{rel}","templated":true}]}}