{"id":934,"date":"2020-04-28T03:04:32","date_gmt":"2020-04-28T06:04:32","guid":{"rendered":"http:\/\/vocesdebaires.com.ar\/wordpress\/index.php\/2020\/04\/28\/aislamiento-oportunidad-para-modificar-habitos\/"},"modified":"2020-04-28T03:04:32","modified_gmt":"2020-04-28T06:04:32","slug":"aislamiento-oportunidad-para-modificar-habitos","status":"publish","type":"post","link":"https:\/\/vocesdebaires.com.ar\/index.php\/2020\/04\/28\/aislamiento-oportunidad-para-modificar-habitos\/","title":{"rendered":"Aislamiento: Oportunidad para modificar h\u00e1bitos"},"content":{"rendered":"<p>La pandemia que atraviesa el mundo es una situaci\u00f3n excepcional que est\u00e1 modificando mucho m\u00e1s que la vida cotidiana. Frente al aislamiento social, preventivo y obligatorio, las familias comparten mucho m\u00e1s tiempo que el habitual, a veces en espacios reducidos, lo cual hace que las tareas del hogar se sumen con m\u00e1s rapidez.Sin guarder\u00edas, jardines y colegios, y manteniendo distancia con abuelas y abuelos (principal grupo de riesgo), \u00bfQui\u00e9n cuida a los m\u00e1s chicos? En general, las tareas de cuidados, como muchas otras, recaen en las mujeres. Esto es algo que ya sucede independientemente de la situaci\u00f3n de pandemia que vive el mundo. \u00bfSab\u00edas cu\u00e1nto tiempo dedica la mujer a las tareas dom\u00e9sticas?<\/p>\n<p>8 horas \u2026\u2026\u2026\u2026\u2026. jornada laboral<br \/>5.30 horas\u2026\u2026\u2026.. cuidado no remunerado a miembros del hogar<br \/>3.30 horas \u2026\u2026\u2026. trabajo dom\u00e9stico no remunerado*<br \/>(*Fuente: <a href=\"https:\/\/www.estadisticaciudad.gob.ar\/eyc\/\">https:\/\/www.estadisticaciudad.gob.ar\/eyc\/<\/a>)<\/p>\n<p>El d\u00eda activo de la mujer es largo. Los cuidados, ya sean profesionales o informales, al igual que muchas responsabilidades que tienen que ver con la casa, los ejercen las mujeres. Por eso esta situaci\u00f3n quiz\u00e1 es una buena oportunidad para modificar h\u00e1bitos que todos tenemos internalizados. No se trata de ayudar o colaborar. Se trata de asumir una responsabilidad que es igual para todas las personas que viven en la casa y que no recaiga en una sola persona. Repartir las tareas del hogar es un gran paso para un cambio de conducta que nos lleve a una sociedad m\u00e1s justa y equitativa, empezando por casa.<\/p>\n<p>C\u00f3mo empezar a compartir tareas:Repartir, por ejemplo, las tareas de cada d\u00eda: alguien cocina, otra persona entonces pone la mesa, otra persona lava los platos, otra persona prepara la merienda, etc. Si uno\/a de los\/as padres\/madres ayuda hoy a hacer la tarea de la escuela, ma\u00f1ana le toca a la otra persona. Lo mismo si el\/la beb\u00e9 necesita ayuda para dormirse. Para sacar a la mascota a hacer sus necesidades o para salir a hacer las compras, lo ideal es turnarse, teniendo en cuenta tambi\u00e9n la edad y si pertenece a un grupo de riesgo. Si ning\u00fan miembro de la familia tiene este tipo de impedimento, hay que turnarse tambi\u00e9n.<\/p>\n","protected":false},"excerpt":{"rendered":"<p>La pandemia que atraviesa el mundo es una situaci\u00f3n excepcional que est\u00e1 modificando mucho m\u00e1s que la vida cotidiana. Frente al aislamiento social, preventivo y obligatorio, las familias comparten mucho m\u00e1s tiempo que el habitual, a veces en espacios reducidos, lo cual hace que las tareas del hogar se sumen con m\u00e1s rapidez.Sin guarder\u00edas, jardines [&hellip;]<\/p>\n","protected":false},"author":1,"featured_media":935,"comment_status":"open","ping_status":"open","sticky":false,"template":"","format":"standard","meta":{"_et_pb_use_builder":"","_et_pb_old_content":"","_et_gb_content_width":"","footnotes":""},"categories":[11,32],"tags":[],"class_list":["post-934","post","type-post","status-publish","format-standard","has-post-thumbnail","hentry","category-ciudad","category-comunas"],"_links":{"self":[{"href":"https:\/\/vocesdebaires.com.ar\/index.php\/wp-json\/wp\/v2\/posts\/934"}],"collection":[{"href":"https:\/\/vocesdebaires.com.ar\/index.php\/wp-json\/wp\/v2\/posts"}],"about":[{"href":"https:\/\/vocesdebaires.com.ar\/index.php\/wp-json\/wp\/v2\/types\/post"}],"author":[{"embeddable":true,"href":"https:\/\/vocesdebaires.com.ar\/index.php\/wp-json\/wp\/v2\/users\/1"}],"replies":[{"embeddable":true,"href":"https:\/\/vocesdebaires.com.ar\/index.php\/wp-json\/wp\/v2\/comments?post=934"}],"version-history":[{"count":0,"href":"https:\/\/vocesdebaires.com.ar\/index.php\/wp-json\/wp\/v2\/posts\/934\/revisions"}],"wp:featuredmedia":[{"embeddable":true,"href":"https:\/\/vocesdebaires.com.ar\/index.php\/wp-json\/wp\/v2\/media\/935"}],"wp:attachment":[{"href":"https:\/\/vocesdebaires.com.ar\/index.php\/wp-json\/wp\/v2\/media?parent=934"}],"wp:term":[{"taxonomy":"category","embeddable":true,"href":"https:\/\/vocesdebaires.com.ar\/index.php\/wp-json\/wp\/v2\/categories?post=934"},{"taxonomy":"post_tag","embeddable":true,"href":"https:\/\/vocesdebaires.com.ar\/index.php\/wp-json\/wp\/v2\/tags?post=934"}],"curies":[{"name":"wp","href":"https:\/\/api.w.org\/{rel}","templated":true}]}}