{"id":936,"date":"2020-04-28T03:00:00","date_gmt":"2020-04-28T06:00:00","guid":{"rendered":"http:\/\/vocesdebaires.com.ar\/wordpress\/index.php\/2020\/04\/28\/marihuana-consumo-tiene-riesgos-ante-covid-19\/"},"modified":"2020-04-28T03:00:00","modified_gmt":"2020-04-28T06:00:00","slug":"marihuana-consumo-tiene-riesgos-ante-covid-19","status":"publish","type":"post","link":"https:\/\/vocesdebaires.com.ar\/index.php\/2020\/04\/28\/marihuana-consumo-tiene-riesgos-ante-covid-19\/","title":{"rendered":"Marihuana: Consumo tiene riesgos ante Covid 19"},"content":{"rendered":"<p>Durante esta hist\u00f3rica y sorpresiva pandemia mundial, en donde hace m\u00e1s de un mes, millones de personas en todo el mundo se encuentran encerradas en sus casas, el consumo de algunos estupefacientes (tanto legales como ilegales) comenz\u00f3 a ser investigado ya que podr\u00edan ser peligrosos frente al coronavirus. Hace algunas semanas desde la Organizaci\u00f3n Mundial de la Salud (OMS) aseguraron que el alcohol puede poner a las personas en mayor riesgo de contraer el coronavirus, exacerbar la vulnerabilidad de la salud, los comportamientos de riesgo, los problemas de salud mental y la violencia.<\/p>\n<p>Pero ahora, adem\u00e1s del alcohol, el consumo de marihuana se coloca en el ojo de la tormenta. Lo que sucede, explic\u00f3 el doctor Mitchell Glass, neum\u00f3logo y portavoz de la Asociaci\u00f3n Estadounidense del Pulm\u00f3n, es que lo \u00faltimo que buscamos durante esta pandemia es hacer m\u00e1s dif\u00edcil que un m\u00e9dico o una m\u00e9dica, diagnostiquen nuestros s\u00edntomas. El Covid-19 es una enfermedad pulmonar\u00bb, dijo Glass, y fumar cannabis puede confundir a los y las m\u00e9dicas a la hora de realizar un diagn\u00f3stico: \u00abNo deber\u00edas hacer nada que pueda confundir la capacidad de los trabajadores de la salud de hacer una evaluaci\u00f3n r\u00e1pida y precisa de lo que est\u00e1 sucediendo\u00bb, explic\u00f3.<\/p>\n<p>Seg\u00fan especialistas, fumar marihuana de manera cr\u00f3nica, (diariamente) da\u00f1a los pulmones durante un per\u00edodo de tiempo. Los fumadores, las personas con Epoc y otras enfermedades pulmonares cr\u00f3nicas, as\u00ed como las personas con asma moderada a severa, se encuentran entre los que corren un alto riesgo de contraer una enfermedad grave debido al Covid-19.Si bien una o dos secas de marihuana no se comparan con un cigarro, hay algunas propiedades \u00fanicas de un \u2018porro\u2019 que definitivamente son problem\u00e1ticas para los pulmones incluso si eres un fumador nuevo.<\/p>\n","protected":false},"excerpt":{"rendered":"<p>Durante esta hist\u00f3rica y sorpresiva pandemia mundial, en donde hace m\u00e1s de un mes, millones de personas en todo el mundo se encuentran encerradas en sus casas, el consumo de algunos estupefacientes (tanto legales como ilegales) comenz\u00f3 a ser investigado ya que podr\u00edan ser peligrosos frente al coronavirus. Hace algunas semanas desde la Organizaci\u00f3n Mundial [&hellip;]<\/p>\n","protected":false},"author":1,"featured_media":937,"comment_status":"open","ping_status":"open","sticky":false,"template":"","format":"standard","meta":{"_et_pb_use_builder":"","_et_pb_old_content":"","_et_gb_content_width":"","footnotes":""},"categories":[11,32],"tags":[],"class_list":["post-936","post","type-post","status-publish","format-standard","has-post-thumbnail","hentry","category-ciudad","category-comunas"],"_links":{"self":[{"href":"https:\/\/vocesdebaires.com.ar\/index.php\/wp-json\/wp\/v2\/posts\/936"}],"collection":[{"href":"https:\/\/vocesdebaires.com.ar\/index.php\/wp-json\/wp\/v2\/posts"}],"about":[{"href":"https:\/\/vocesdebaires.com.ar\/index.php\/wp-json\/wp\/v2\/types\/post"}],"author":[{"embeddable":true,"href":"https:\/\/vocesdebaires.com.ar\/index.php\/wp-json\/wp\/v2\/users\/1"}],"replies":[{"embeddable":true,"href":"https:\/\/vocesdebaires.com.ar\/index.php\/wp-json\/wp\/v2\/comments?post=936"}],"version-history":[{"count":0,"href":"https:\/\/vocesdebaires.com.ar\/index.php\/wp-json\/wp\/v2\/posts\/936\/revisions"}],"wp:featuredmedia":[{"embeddable":true,"href":"https:\/\/vocesdebaires.com.ar\/index.php\/wp-json\/wp\/v2\/media\/937"}],"wp:attachment":[{"href":"https:\/\/vocesdebaires.com.ar\/index.php\/wp-json\/wp\/v2\/media?parent=936"}],"wp:term":[{"taxonomy":"category","embeddable":true,"href":"https:\/\/vocesdebaires.com.ar\/index.php\/wp-json\/wp\/v2\/categories?post=936"},{"taxonomy":"post_tag","embeddable":true,"href":"https:\/\/vocesdebaires.com.ar\/index.php\/wp-json\/wp\/v2\/tags?post=936"}],"curies":[{"name":"wp","href":"https:\/\/api.w.org\/{rel}","templated":true}]}}