{"id":948,"date":"2020-04-27T17:45:45","date_gmt":"2020-04-27T20:45:45","guid":{"rendered":"http:\/\/vocesdebaires.com.ar\/wordpress\/index.php\/2020\/04\/27\/balvanera-once-personas-notificadas-en-un-ciber\/"},"modified":"2020-04-27T17:45:45","modified_gmt":"2020-04-27T20:45:45","slug":"balvanera-once-personas-notificadas-en-un-ciber","status":"publish","type":"post","link":"https:\/\/vocesdebaires.com.ar\/index.php\/2020\/04\/27\/balvanera-once-personas-notificadas-en-un-ciber\/","title":{"rendered":"Balvanera: Once personas notificadas en un ciber"},"content":{"rendered":"<p>Efectivos de la Divisi\u00f3n Sumarios y Brigadas de Prevenci\u00f3n de la Comisar\u00eda Comunal 3 de la Polic\u00eda de la Ciudad se encontraban recorriendo el barrio de Balvanera, cuando sobre la avenida Rivadavia al 3200 observaron a varias personas frente a computadoras dentro de un ciber kiosco. Los oficiales ingresaron al local e inmediatamente notificaron a todos los presentes por infracci\u00f3n al art\u00edculo 205 del C\u00f3digo Penal por violar la cuarentena vigente, intimando al due\u00f1o del comercio, de nacionalidad peruana, a que cesaran las actividades de servicio de internet.<\/p>\n","protected":false},"excerpt":{"rendered":"<p>Efectivos de la Divisi\u00f3n Sumarios y Brigadas de Prevenci\u00f3n de la Comisar\u00eda Comunal 3 de la Polic\u00eda de la Ciudad se encontraban recorriendo el barrio de Balvanera, cuando sobre la avenida Rivadavia al 3200 observaron a varias personas frente a computadoras dentro de un ciber kiosco. Los oficiales ingresaron al local e inmediatamente notificaron a [&hellip;]<\/p>\n","protected":false},"author":1,"featured_media":949,"comment_status":"open","ping_status":"open","sticky":false,"template":"","format":"standard","meta":{"_et_pb_use_builder":"","_et_pb_old_content":"","_et_gb_content_width":"","footnotes":""},"categories":[11,32],"tags":[],"class_list":["post-948","post","type-post","status-publish","format-standard","has-post-thumbnail","hentry","category-ciudad","category-comunas"],"_links":{"self":[{"href":"https:\/\/vocesdebaires.com.ar\/index.php\/wp-json\/wp\/v2\/posts\/948"}],"collection":[{"href":"https:\/\/vocesdebaires.com.ar\/index.php\/wp-json\/wp\/v2\/posts"}],"about":[{"href":"https:\/\/vocesdebaires.com.ar\/index.php\/wp-json\/wp\/v2\/types\/post"}],"author":[{"embeddable":true,"href":"https:\/\/vocesdebaires.com.ar\/index.php\/wp-json\/wp\/v2\/users\/1"}],"replies":[{"embeddable":true,"href":"https:\/\/vocesdebaires.com.ar\/index.php\/wp-json\/wp\/v2\/comments?post=948"}],"version-history":[{"count":0,"href":"https:\/\/vocesdebaires.com.ar\/index.php\/wp-json\/wp\/v2\/posts\/948\/revisions"}],"wp:featuredmedia":[{"embeddable":true,"href":"https:\/\/vocesdebaires.com.ar\/index.php\/wp-json\/wp\/v2\/media\/949"}],"wp:attachment":[{"href":"https:\/\/vocesdebaires.com.ar\/index.php\/wp-json\/wp\/v2\/media?parent=948"}],"wp:term":[{"taxonomy":"category","embeddable":true,"href":"https:\/\/vocesdebaires.com.ar\/index.php\/wp-json\/wp\/v2\/categories?post=948"},{"taxonomy":"post_tag","embeddable":true,"href":"https:\/\/vocesdebaires.com.ar\/index.php\/wp-json\/wp\/v2\/tags?post=948"}],"curies":[{"name":"wp","href":"https:\/\/api.w.org\/{rel}","templated":true}]}}